{"id":565924,"date":"2025-05-06T09:19:36","date_gmt":"2025-05-06T13:19:36","guid":{"rendered":"https:\/\/sistemafamato.org.br\/senarmt\/?p=565924"},"modified":"2025-05-06T09:19:48","modified_gmt":"2025-05-06T13:19:48","slug":"senar-mt-promove-4a-edicao-da-feira-de-flores-natural-do-campo-em-comemoracao-ao-dia-das-maes","status":"publish","type":"post","link":"https:\/\/sistemafamato.org.br\/senarmt\/2025\/05\/06\/senar-mt-promove-4a-edicao-da-feira-de-flores-natural-do-campo-em-comemoracao-ao-dia-das-maes\/","title":{"rendered":"Senar\/MT promove 4\u00aa edi\u00e7\u00e3o da Feira de Flores Natural do Campo em comemora\u00e7\u00e3o ao Dia das M\u00e3es"},"content":{"rendered":"\n<p>Tangar\u00e1 da Serra recebe no dia 10 de maio, a 4\u00aa edi\u00e7\u00e3o da Feira de Flores Natural do Campo, promovida pelo Servi\u00e7o Nacional de Aprendizagem Rural de Mato Grosso (Senar\/MT). O evento ser\u00e1 realizado das 8h \u00e0s 18h, no estacionamento da ag\u00eancia Sicredi \u2013 Centro, e promete encantar o p\u00fablico com uma grande variedade de flores e plantas ornamentais.<\/p>\n\n\n\n<p>A feira \u00e9 uma parceria com o Sicredi, o Sindicato Rural e a Prefeitura de Tangar\u00e1 da Serra, e reunir\u00e1 16 produtores da regi\u00e3o, todos atendidos pelo programa de Assist\u00eancia T\u00e9cnica e Gerencial (ATeG) em Floricultura, oferecido pelo Senar\/MT. O p\u00fablico poder\u00e1 conferir de perto uma diversidade de flores tropicais, folhagens, cactos, suculentas e rosas do deserto, cultivadas com dedica\u00e7\u00e3o e t\u00e9cnicas aprimoradas.<\/p>\n\n\n\n<p>A data da feira foi estrategicamente escolhida para anteceder o Dia das M\u00e3es, um dos per\u00edodos de maior movimento no com\u00e9rcio de flores. A expectativa \u00e9 de que a a\u00e7\u00e3o fomente a gera\u00e7\u00e3o de renda no campo e fortale\u00e7a o setor.<\/p>\n\n\n\n<p>Para a supervisora da ATeG do Senar\/MT, Ianna Mar\u00edlia Alves, a feira representa mais do que uma vitrine para os produtores: \u00e9 uma oportunidade concreta de crescimento.<\/p>\n\n\n\n<p>\u201cEssa \u00e9 uma oportunidade para os produtores atendidos aumentarem a renda e fortalecerem a produ\u00e7\u00e3o de flores na regi\u00e3o. Reafirmamos com essa a\u00e7\u00e3o o compromisso da Assist\u00eancia T\u00e9cnica e Gerencial em melhorar a produtividade e a gest\u00e3o desses produtores\u201d, destacou Ianna.<\/p>\n","protected":false},"excerpt":{"rendered":"<p>Tangar\u00e1 da Serra recebe no dia 10 de maio, a 4\u00aa edi\u00e7\u00e3o da Feira de Flores Natural do Campo, promovida pelo Servi\u00e7o Nacional de Aprendizagem Rural de Mato Grosso (Senar\/MT). O evento ser\u00e1 realizado das 8h \u00e0s 18h, no estacionamento da ag\u00eancia Sicredi \u2013 Centro, e promete encantar o p\u00fablico com uma grande variedade de [&hellip;]<\/p>\n","protected":false},"author":62,"featured_media":565925,"comment_status":"open","ping_status":"open","sticky":false,"template":"","format":"standard","meta":{"advgb_blocks_editor_width":"","advgb_blocks_columns_visual_guide":"","footnotes":""},"categories":[896],"tags":[],"class_list":["post-565924","post","type-post","status-publish","format-standard","has-post-thumbnail","hentry","category-feira-de-flores-natural-do-campo"],"acf":[],"author_meta":{"display_name":"ASCOM Senar","author_link":"https:\/\/sistemafamato.org.br\/senarmt\/author\/jose-souza\/"},"featured_img":"https:\/\/sistemafamato.org.br\/senarmt\/wp-content\/uploads\/sites\/2\/2025\/05\/Feira-das-Flores-Tangara-1-300x200.jpg","coauthors":[],"tax_additional":{"categories":{"linked":["<a href=\"https:\/\/sistemafamato.org.br\/senarmt\/category\/feira-de-flores-natural-do-campo\/\" class=\"advgb-post-tax-term\">Feira de Flores Natural do Campo<\/a>"],"unlinked":["<span class=\"advgb-post-tax-term\">Feira de Flores Natural do Campo<\/span>"]}},"comment_count":"0","relative_dates":{"created":"Publicado 12 meses atr\u00e1s","modified":"Atualizado 12 meses atr\u00e1s"},"absolute_dates":{"created":"Publicado em 6 de maio de 2025","modified":"Atualizado em 6 de maio de 2025"},"absolute_dates_time":{"created":"Publicado em 6 de maio de 2025 09:19","modified":"Atualizado em 6 de maio de 2025 09:19"},"featured_img_caption":"","series_order":"","_links":{"self":[{"href":"https:\/\/sistemafamato.org.br\/senarmt\/wp-json\/wp\/v2\/posts\/565924","targetHints":{"allow":["GET"]}}],"collection":[{"href":"https:\/\/sistemafamato.org.br\/senarmt\/wp-json\/wp\/v2\/posts"}],"about":[{"href":"https:\/\/sistemafamato.org.br\/senarmt\/wp-json\/wp\/v2\/types\/post"}],"author":[{"embeddable":true,"href":"https:\/\/sistemafamato.org.br\/senarmt\/wp-json\/wp\/v2\/users\/62"}],"replies":[{"embeddable":true,"href":"https:\/\/sistemafamato.org.br\/senarmt\/wp-json\/wp\/v2\/comments?post=565924"}],"version-history":[{"count":2,"href":"https:\/\/sistemafamato.org.br\/senarmt\/wp-json\/wp\/v2\/posts\/565924\/revisions"}],"predecessor-version":[{"id":565927,"href":"https:\/\/sistemafamato.org.br\/senarmt\/wp-json\/wp\/v2\/posts\/565924\/revisions\/565927"}],"wp:featuredmedia":[{"embeddable":true,"href":"https:\/\/sistemafamato.org.br\/senarmt\/wp-json\/wp\/v2\/media\/565925"}],"wp:attachment":[{"href":"https:\/\/sistemafamato.org.br\/senarmt\/wp-json\/wp\/v2\/media?parent=565924"}],"wp:term":[{"taxonomy":"category","embeddable":true,"href":"https:\/\/sistemafamato.org.br\/senarmt\/wp-json\/wp\/v2\/categories?post=565924"},{"taxonomy":"post_tag","embeddable":true,"href":"https:\/\/sistemafamato.org.br\/senarmt\/wp-json\/wp\/v2\/tags?post=565924"}],"curies":[{"name":"wp","href":"https:\/\/api.w.org\/{rel}","templated":true}]}}