{"id":565052,"date":"2025-04-07T09:31:56","date_gmt":"2025-04-07T13:31:56","guid":{"rendered":"https:\/\/sistemafamato.org.br\/senarmt\/?p=565052"},"modified":"2025-04-07T09:32:11","modified_gmt":"2025-04-07T13:32:11","slug":"senar-mato-grosso-celebra-32-anos-de-transformacao-no-campo","status":"publish","type":"post","link":"https:\/\/sistemafamato.org.br\/senarmt\/2025\/04\/07\/senar-mato-grosso-celebra-32-anos-de-transformacao-no-campo\/","title":{"rendered":"Senar Mato Grosso Celebra 32 Anos de Transforma\u00e7\u00e3o no Campo"},"content":{"rendered":"\n<p>Neste dia 07 de abril, o Servi\u00e7o Nacional de Aprendizagem Rural de Mato Grosso (Senar\/MT) comemora 32 anos de dedica\u00e7\u00e3o ao desenvolvimento no setor agropecu\u00e1rio do estado. Com o compromisso de levar educa\u00e7\u00e3o, promo\u00e7\u00e3o social e assist\u00eancia t\u00e9cnica e gerencial para os homens e mulheres do campo, a institui\u00e7\u00e3o desempenha um papel fundamental na capacita\u00e7\u00e3o de profissionais e no fortalecimento das comunidades rurais.<\/p>\n\n\n\n<p>De acordo com o presidente do Sistema Famato, Vilmondes Tomain, o Senar\/MT prioriza o trabalho \u00e9tico e respeitoso como base para fortalecer as parcerias e fomentar o crescimento sustent\u00e1vel da institui\u00e7\u00e3o e do estado.<\/p>\n\n\n<div class=\"wp-block-image\">\n<figure class=\"alignleft size-large is-resized\"><img loading=\"lazy\" decoding=\"async\" width=\"1024\" height=\"766\" src=\"https:\/\/sistemafamato.org.br\/senarmt\/wp-content\/uploads\/sites\/2\/2025\/04\/Curso-de-confeccao-de-arreio-1-1024x766.jpeg\" alt=\"\" class=\"wp-image-565054\" style=\"width:443px;height:auto\" srcset=\"https:\/\/sistemafamato.org.br\/senarmt\/wp-content\/uploads\/sites\/2\/2025\/04\/Curso-de-confeccao-de-arreio-1-1024x766.jpeg 1024w, https:\/\/sistemafamato.org.br\/senarmt\/wp-content\/uploads\/sites\/2\/2025\/04\/Curso-de-confeccao-de-arreio-1-300x224.jpeg 300w, https:\/\/sistemafamato.org.br\/senarmt\/wp-content\/uploads\/sites\/2\/2025\/04\/Curso-de-confeccao-de-arreio-1-768x575.jpeg 768w, https:\/\/sistemafamato.org.br\/senarmt\/wp-content\/uploads\/sites\/2\/2025\/04\/Curso-de-confeccao-de-arreio-1-1536x1149.jpeg 1536w, https:\/\/sistemafamato.org.br\/senarmt\/wp-content\/uploads\/sites\/2\/2025\/04\/Curso-de-confeccao-de-arreio-1-150x112.jpeg 150w, https:\/\/sistemafamato.org.br\/senarmt\/wp-content\/uploads\/sites\/2\/2025\/04\/Curso-de-confeccao-de-arreio-1.jpeg 2048w\" sizes=\"auto, (max-width: 1024px) 100vw, 1024px\" \/><\/figure><\/div>\n\n\n<p>\u201dTrabalhamos com transpar\u00eancia e respeito, sempre buscando a excel\u00eancia nos servi\u00e7os prestados e o aprimoramento cont\u00ednuo das pr\u00e1ticas que impactam diretamente a vida dos produtores rurais e suas fam\u00edlias, elevando o padr\u00e3o de bem-estar e desenvolvimento no meio rural\u201d, afirma Tomain.<\/p>\n\n\n\n<p>A educa\u00e7\u00e3o oferecida pelo Senar\/MT vai al\u00e9m dos cursos t\u00e9cnicos e treinamentos, ela gera oportunidades e traz transforma\u00e7\u00f5es reais para a vida dos trabalhadores do campo. Somente no 1\u00ba trimestre de 2025, a institui\u00e7\u00e3o capacitou 12.631 alunos. Al\u00e9m disso, o Senar\/MT est\u00e1 presente em 5.421 propriedades rurais atuando em 12 cadeias produtivas, por meio da Assist\u00eancia T\u00e9cnica e Gerencial. A ATeG busca auxiliar os produtores no desenvolvimento e na gest\u00e3o, promovendo a ado\u00e7\u00e3o de boas pr\u00e1ticas de produ\u00e7\u00e3o e a melhoria da gest\u00e3o administrativa e financeira.<\/p>\n\n\n\n<p>O superintendente do Senar\/MT, Marcelo Lupatini, explica que ao longo dessas tr\u00eas d\u00e9cadas, o Senar tem se renovado constantemente, buscando sempre atender \u00e0s demandas do mercado e \u00e0s necessidades dos produtores e trabalhadores rurais.<\/p>\n\n\n<div class=\"wp-block-image\">\n<figure class=\"alignright size-large is-resized\"><img loading=\"lazy\" decoding=\"async\" width=\"1024\" height=\"683\" src=\"https:\/\/sistemafamato.org.br\/senarmt\/wp-content\/uploads\/sites\/2\/2025\/04\/54271442836_90701d0670_o-1024x683.jpg\" alt=\"\" class=\"wp-image-565055\" style=\"width:512px;height:auto\" srcset=\"https:\/\/sistemafamato.org.br\/senarmt\/wp-content\/uploads\/sites\/2\/2025\/04\/54271442836_90701d0670_o-1024x683.jpg 1024w, https:\/\/sistemafamato.org.br\/senarmt\/wp-content\/uploads\/sites\/2\/2025\/04\/54271442836_90701d0670_o-300x200.jpg 300w, https:\/\/sistemafamato.org.br\/senarmt\/wp-content\/uploads\/sites\/2\/2025\/04\/54271442836_90701d0670_o-768x512.jpg 768w, https:\/\/sistemafamato.org.br\/senarmt\/wp-content\/uploads\/sites\/2\/2025\/04\/54271442836_90701d0670_o-1536x1024.jpg 1536w, https:\/\/sistemafamato.org.br\/senarmt\/wp-content\/uploads\/sites\/2\/2025\/04\/54271442836_90701d0670_o-2048x1365.jpg 2048w, https:\/\/sistemafamato.org.br\/senarmt\/wp-content\/uploads\/sites\/2\/2025\/04\/54271442836_90701d0670_o-150x100.jpg 150w\" sizes=\"auto, (max-width: 1024px) 100vw, 1024px\" \/><\/figure><\/div>\n\n\n<p>&#8220;Mais do que formar profissionais, o Senar\/MT contribui diretamente para o desenvolvimento do setor agropecu\u00e1rio, fortalecendo a economia e o bem-estar social de nossas comunidades rurais. Tudo que vem para o Senar, volta para o campo em forma de conhecimento, oportunidade e transforma\u00e7\u00e3o\u201d, ressalta Lupatini.<\/p>\n\n\n\n<p>O Senar\/MT tamb\u00e9m promove a\u00e7\u00f5es que buscam melhorar a qualidade de vida dos trabalhadores do campo, com projetos voltados para o bem-estar social, o fortalecimento da cidadania e o empoderamento das fam\u00edlias rurais. Entre as a\u00e7\u00f5es realizadas est\u00e3o o Mutir\u00e3o Rural, que leva atendimentos de sa\u00fade gratuitos, Sa\u00fade no Campo, Filhos do Campo, Semeia, Cine Senar e o Programa Equoterapia. Essas iniciativas contribuem para o desenvolvimento das fam\u00edlias e das comunidades rurais, ajudando a transformar a realidade do campo e a garantir um futuro mais justo e sustent\u00e1vel.<\/p>\n","protected":false},"excerpt":{"rendered":"<p>Neste dia 07 de abril, o Servi\u00e7o Nacional de Aprendizagem Rural de Mato Grosso (Senar\/MT) comemora 32 anos de dedica\u00e7\u00e3o ao desenvolvimento no setor agropecu\u00e1rio do estado. Com o compromisso de levar educa\u00e7\u00e3o, promo\u00e7\u00e3o social e assist\u00eancia t\u00e9cnica e gerencial para os homens e mulheres do campo, a institui\u00e7\u00e3o desempenha um papel fundamental na capacita\u00e7\u00e3o [&hellip;]<\/p>\n","protected":false},"author":62,"featured_media":565053,"comment_status":"open","ping_status":"open","sticky":false,"template":"","format":"standard","meta":{"advgb_blocks_editor_width":"","advgb_blocks_columns_visual_guide":"","footnotes":""},"categories":[894],"tags":[],"class_list":["post-565052","post","type-post","status-publish","format-standard","has-post-thumbnail","hentry","category-senar-mt"],"acf":[],"author_meta":{"display_name":"ASCOM Senar","author_link":"https:\/\/sistemafamato.org.br\/senarmt\/author\/jose-souza\/"},"featured_img":"https:\/\/sistemafamato.org.br\/senarmt\/wp-content\/uploads\/sites\/2\/2025\/04\/CAPA-300x300.png","coauthors":[],"tax_additional":{"categories":{"linked":["<a href=\"https:\/\/sistemafamato.org.br\/senarmt\/category\/senar-mt\/\" class=\"advgb-post-tax-term\">SENAR\/MT<\/a>"],"unlinked":["<span class=\"advgb-post-tax-term\">SENAR\/MT<\/span>"]}},"comment_count":"0","relative_dates":{"created":"Publicado 1 ano atr\u00e1s","modified":"Atualizado 1 ano atr\u00e1s"},"absolute_dates":{"created":"Publicado em 7 de abril de 2025","modified":"Atualizado em 7 de abril de 2025"},"absolute_dates_time":{"created":"Publicado em 7 de abril de 2025 09:31","modified":"Atualizado em 7 de abril de 2025 09:32"},"featured_img_caption":"","series_order":"","_links":{"self":[{"href":"https:\/\/sistemafamato.org.br\/senarmt\/wp-json\/wp\/v2\/posts\/565052","targetHints":{"allow":["GET"]}}],"collection":[{"href":"https:\/\/sistemafamato.org.br\/senarmt\/wp-json\/wp\/v2\/posts"}],"about":[{"href":"https:\/\/sistemafamato.org.br\/senarmt\/wp-json\/wp\/v2\/types\/post"}],"author":[{"embeddable":true,"href":"https:\/\/sistemafamato.org.br\/senarmt\/wp-json\/wp\/v2\/users\/62"}],"replies":[{"embeddable":true,"href":"https:\/\/sistemafamato.org.br\/senarmt\/wp-json\/wp\/v2\/comments?post=565052"}],"version-history":[{"count":5,"href":"https:\/\/sistemafamato.org.br\/senarmt\/wp-json\/wp\/v2\/posts\/565052\/revisions"}],"predecessor-version":[{"id":565060,"href":"https:\/\/sistemafamato.org.br\/senarmt\/wp-json\/wp\/v2\/posts\/565052\/revisions\/565060"}],"wp:featuredmedia":[{"embeddable":true,"href":"https:\/\/sistemafamato.org.br\/senarmt\/wp-json\/wp\/v2\/media\/565053"}],"wp:attachment":[{"href":"https:\/\/sistemafamato.org.br\/senarmt\/wp-json\/wp\/v2\/media?parent=565052"}],"wp:term":[{"taxonomy":"category","embeddable":true,"href":"https:\/\/sistemafamato.org.br\/senarmt\/wp-json\/wp\/v2\/categories?post=565052"},{"taxonomy":"post_tag","embeddable":true,"href":"https:\/\/sistemafamato.org.br\/senarmt\/wp-json\/wp\/v2\/tags?post=565052"}],"curies":[{"name":"wp","href":"https:\/\/api.w.org\/{rel}","templated":true}]}}