{"id":519324,"date":"2024-03-15T16:41:54","date_gmt":"2024-03-15T20:41:54","guid":{"rendered":"https:\/\/sistemafamato.org.br\/senarmt\/?p=519324"},"modified":"2024-03-15T16:41:57","modified_gmt":"2024-03-15T20:41:57","slug":"nucleo-avancado-de-capacitacao-e-inaugurado-em-alto-garcas","status":"publish","type":"post","link":"https:\/\/sistemafamato.org.br\/senarmt\/2024\/03\/15\/nucleo-avancado-de-capacitacao-e-inaugurado-em-alto-garcas\/","title":{"rendered":"N\u00facleo Avan\u00e7ado de capacita\u00e7\u00e3o \u00e9 inaugurado em Alto Gar\u00e7as"},"content":{"rendered":"\n<p>O presidente do Sistema Famato, Vilmondes Tomain, juntamente com o presidente do Sindicato Rural de Alto Gar\u00e7as, Jos\u00e9 Milton Breitembach, inauguraram o N\u00facleo Avan\u00e7ado de Capacita\u00e7\u00e3o (NAC) no munic\u00edpio de Alto Gar\u00e7as. A solenidade de inaugura\u00e7\u00e3o contou ainda com a presen\u00e7a do superintendente do Servi\u00e7o Nacional de Aprendizagem Rural (Senar-MT), Jos\u00e9 Luiz Fidelis.<\/p>\n\n\n\n<p>O NAC vai atender as demandas dos produtores rurais e trabalhadores rurais de Alto Gar\u00e7as e regi\u00e3o, capacitando a m\u00e3o de obra e difundindo novas tecnologias pelos cursos e treinamentos oferecidos pelo Senar-MT.<\/p>\n\n\n\n<p>O NAC \u00e9 uma iniciativa do Senar-MT em parceria com o Sindicato Rural de Alto Gar\u00e7as. A estrutura conta com sala de aula climatizada, cozinha industrial equipada para a realiza\u00e7\u00e3o de vitrines e oficinas, al\u00e9m de banheiros feminino e masculino com adapta\u00e7\u00e3o para portadores de necessidades especiais.<\/p>\n\n\n<div class=\"wp-block-image\">\n<figure class=\"alignleft size-full is-resized\"><img loading=\"lazy\" decoding=\"async\" width=\"1024\" height=\"768\" src=\"https:\/\/sistemafamato.org.br\/senarmt\/wp-content\/uploads\/sites\/2\/2024\/03\/WhatsApp-Image-2024-03-15-at-14.24.38-1-1024x768-1.jpeg\" alt=\"\" class=\"wp-image-519326\" style=\"width:417px;height:auto\" srcset=\"https:\/\/sistemafamato.org.br\/senarmt\/wp-content\/uploads\/sites\/2\/2024\/03\/WhatsApp-Image-2024-03-15-at-14.24.38-1-1024x768-1.jpeg 1024w, https:\/\/sistemafamato.org.br\/senarmt\/wp-content\/uploads\/sites\/2\/2024\/03\/WhatsApp-Image-2024-03-15-at-14.24.38-1-1024x768-1-300x225.jpeg 300w, https:\/\/sistemafamato.org.br\/senarmt\/wp-content\/uploads\/sites\/2\/2024\/03\/WhatsApp-Image-2024-03-15-at-14.24.38-1-1024x768-1-768x576.jpeg 768w, https:\/\/sistemafamato.org.br\/senarmt\/wp-content\/uploads\/sites\/2\/2024\/03\/WhatsApp-Image-2024-03-15-at-14.24.38-1-1024x768-1-150x113.jpeg 150w\" sizes=\"auto, (max-width: 1024px) 100vw, 1024px\" \/><\/figure><\/div>\n\n\n<p>O presidente Vilmondes Tomain destacou a precis\u00e3o de m\u00e3o de obra qualificada e difus\u00e3o da cadeia produtiva rural como forma de manter Mato Grosso no ranking de maior produtor de gr\u00e3os e bovinos do pa\u00eds.<\/p>\n\n\n\n<p>\u201cO Senar-MT \u00e9 a casa do Sistema Famato que tem a miss\u00e3o de qualificar e capacitar pessoas. Quando um NAC chega no munic\u00edpio ele possibilita conhecimento e habilidades t\u00e9cnicas ao homem do campo. E isso faz a diferen\u00e7a na vida das pessoas e no cen\u00e1rio econ\u00f4mico e social do nosso estado \u201c, disse Tomain.<\/p>\n\n\n\n<p>Para o presidente do Sindicato Rural de Alto Gar\u00e7as, Jos\u00e9 Milton, o NAC vai ser um divisor de \u00e1guas no munic\u00edpio. \u201cCom essa estrutura teremos mais condi\u00e7\u00f5es de capacitar os produtores e trabalhadores rurais para atuarem nas cadeias produtivas que fortalecem o agroneg\u00f3cio mato-grossense, com isso, fomentar a economia do nosso munic\u00edpio\u201d, destacou Jos\u00e9 Milton.<\/p>\n\n\n\n<p>Para o superintendente do Senar-MT, Jos\u00e9 Luiz Fidelis, um dos grandes desafios do setor produtivo rural \u00e9 a falta de m\u00e3o de obra. \u201cO NAC \u00e9 de extrema import\u00e2ncia para resolver esse gargalo, n\u00e3o s\u00f3 em Alto Gar\u00e7as, como em todo estado de Mato Grosso. E o Senar Mato Grosso com apoio dos 94 sindicatos rurais \u00e9 especialista em qualificar e formar trabalhadores qualificados para o mercado de trabalho\u201d, disse Fidelis.<\/p>\n\n\n\n<p>A solenidade contou ainda com a presen\u00e7a de produtores rurais, vice-presidente da Famato Amarildo Merotti; diretor Administrativo da Famato Robson Marques; vice-prefeita Angelita Rodrigues; presidente da C\u00e2mara Municipal de Alto Gar\u00e7as Luiz Carlos e o supervisor regional de Rondon\u00f3polis, Eduardo Pio.<\/p>\n\n\n\n<p><strong>Fonte: Famato<\/strong><\/p>\n","protected":false},"excerpt":{"rendered":"<p>O presidente do Sistema Famato, Vilmondes Tomain, juntamente com o presidente do Sindicato Rural de Alto Gar\u00e7as, Jos\u00e9 Milton Breitembach, inauguraram o N\u00facleo Avan\u00e7ado de Capacita\u00e7\u00e3o (NAC) no munic\u00edpio de Alto Gar\u00e7as. A solenidade de inaugura\u00e7\u00e3o contou ainda com a presen\u00e7a do superintendente do Servi\u00e7o Nacional de Aprendizagem Rural (Senar-MT), Jos\u00e9 Luiz Fidelis. O NAC [&hellip;]<\/p>\n","protected":false},"author":57,"featured_media":519325,"comment_status":"open","ping_status":"open","sticky":false,"template":"","format":"standard","meta":{"advgb_blocks_editor_width":"","advgb_blocks_columns_visual_guide":"","footnotes":""},"categories":[756],"tags":[],"class_list":["post-519324","post","type-post","status-publish","format-standard","has-post-thumbnail","hentry","category-capacitacao"],"acf":[],"author_meta":{"display_name":"taylla.rezende","author_link":"https:\/\/sistemafamato.org.br\/senarmt\/author\/taylla-rezende\/"},"featured_img":"https:\/\/sistemafamato.org.br\/senarmt\/wp-content\/uploads\/sites\/2\/2024\/03\/WhatsApp-Image-2024-03-15-at-14.24.38-300x225.jpeg","coauthors":[],"tax_additional":{"categories":{"linked":["<a href=\"https:\/\/sistemafamato.org.br\/senarmt\/category\/capacitacao\/\" class=\"advgb-post-tax-term\">Capacita\u00e7\u00e3o<\/a>"],"unlinked":["<span class=\"advgb-post-tax-term\">Capacita\u00e7\u00e3o<\/span>"]}},"comment_count":"0","relative_dates":{"created":"Publicado 2 anos atr\u00e1s","modified":"Atualizado 2 anos atr\u00e1s"},"absolute_dates":{"created":"Publicado em 15 de mar\u00e7o de 2024","modified":"Atualizado em 15 de mar\u00e7o de 2024"},"absolute_dates_time":{"created":"Publicado em 15 de mar\u00e7o de 2024 16:41","modified":"Atualizado em 15 de mar\u00e7o de 2024 16:41"},"featured_img_caption":"","series_order":"","_links":{"self":[{"href":"https:\/\/sistemafamato.org.br\/senarmt\/wp-json\/wp\/v2\/posts\/519324","targetHints":{"allow":["GET"]}}],"collection":[{"href":"https:\/\/sistemafamato.org.br\/senarmt\/wp-json\/wp\/v2\/posts"}],"about":[{"href":"https:\/\/sistemafamato.org.br\/senarmt\/wp-json\/wp\/v2\/types\/post"}],"author":[{"embeddable":true,"href":"https:\/\/sistemafamato.org.br\/senarmt\/wp-json\/wp\/v2\/users\/57"}],"replies":[{"embeddable":true,"href":"https:\/\/sistemafamato.org.br\/senarmt\/wp-json\/wp\/v2\/comments?post=519324"}],"version-history":[{"count":2,"href":"https:\/\/sistemafamato.org.br\/senarmt\/wp-json\/wp\/v2\/posts\/519324\/revisions"}],"predecessor-version":[{"id":519328,"href":"https:\/\/sistemafamato.org.br\/senarmt\/wp-json\/wp\/v2\/posts\/519324\/revisions\/519328"}],"wp:featuredmedia":[{"embeddable":true,"href":"https:\/\/sistemafamato.org.br\/senarmt\/wp-json\/wp\/v2\/media\/519325"}],"wp:attachment":[{"href":"https:\/\/sistemafamato.org.br\/senarmt\/wp-json\/wp\/v2\/media?parent=519324"}],"wp:term":[{"taxonomy":"category","embeddable":true,"href":"https:\/\/sistemafamato.org.br\/senarmt\/wp-json\/wp\/v2\/categories?post=519324"},{"taxonomy":"post_tag","embeddable":true,"href":"https:\/\/sistemafamato.org.br\/senarmt\/wp-json\/wp\/v2\/tags?post=519324"}],"curies":[{"name":"wp","href":"https:\/\/api.w.org\/{rel}","templated":true}]}}