{"id":10051,"date":"2016-10-28T09:17:12","date_gmt":"2016-10-28T11:17:12","guid":{"rendered":"https:\/\/sistemafamato.org.br\/senarmt\/2016\/10\/28\/formar-profissionais-para-atuar-em-ateg-e-um-dos-desafios-do-senar\/"},"modified":"2016-10-28T09:17:12","modified_gmt":"2016-10-28T11:17:12","slug":"formar-profissionais-para-atuar-em-ateg-e-um-dos-desafios-do-senar","status":"publish","type":"post","link":"https:\/\/sistemafamato.org.br\/senarmt\/2016\/10\/28\/formar-profissionais-para-atuar-em-ateg-e-um-dos-desafios-do-senar\/","title":{"rendered":"Formar profissionais para atuar em ATeG \u00e9 um dos desafios do SENAR"},"content":{"rendered":"<p>\n\u00a0<\/p>\n<p>\n<strong>Bras\u00edlia (25\/10\/2016) \u2013<\/strong> Faltam profissionais preparados para prestar assist\u00eancia t\u00e9cnica em projetos que envolvam pr\u00e1ticas de baixa emiss\u00e3o de carbono no Brasil. A constata\u00e7\u00e3o foi feita pelo superintendente do Servi\u00e7o Nacional de Aprendizagem Rural (SENAR) de Mato Grosso do Sul, Rog\u00e9rio Beretta, durante o evento &#8220;Assist\u00eancia t\u00e9cnica, difus\u00e3o de tecnologia e financiamento: caminhos para a consolida\u00e7\u00e3o da Agropecu\u00e1ria de Baixo Carbono&#8221;, nesta segunda-feira (24\/10), no Minist\u00e9rio da Agricultura, Pecu\u00e1ria e Abastecimento (Mapa), em Bras\u00edlia.<\/p>\n<p>\n\u00a0<\/p>\n<p>\nBeretta participou do painel &#8220;A qualidade da assist\u00eancia t\u00e9cnica no campo. Os profissionais est\u00e3o preparados para o ABC?&#8221;. Ele explicou a metodologia de Assist\u00eancia T\u00e9cnica e Gerencial (ATeG) do SENAR e apresentou o trabalho que vem sendo desenvolvido em Mato Grosso do Sul h\u00e1 4 anos. No Estado, aproximadamente duas mil propriedades de diversas cadeias produtivas, como bovinocultura de leite e de corte, hortifr\u00fati, piscicultura e heveicultura, al\u00e9m do Projeto ABC Cerrado, s\u00e3o atendidas por 80 t\u00e9cnicos.<\/p>\n<p>\n\u00a0<\/p>\n<p>\n&#8220;A resposta para a pergunta deste painel \u00e9 n\u00e3o. N\u00e3o temos profissionais preparados e com habilidade para atuar na agricultura de baixo carbono. \u00c9 uma dificuldade muito grande encontrar t\u00e9cnicos. Precisamos investir em capacita\u00e7\u00e3o e uma das nossas ideias \u00e9 nos aproximarmos das universidades para proporcionar um contato maior desses alunos com a ATeG do SENAR&#8221;, destaca.<\/p>\n<p>\n\u00a0<\/p>\n<p>\nO coordenador nacional de ATeG do SENAR, Matheus Ferreira, revela que a iniciativa poder\u00e1 gerar parcerias com faculdades de Agronomia, Zootecnica, Medicina Veterin\u00e1ria, Engenharia Florestal e cursos t\u00e9cnicos agr\u00edcolas para oferecer est\u00e1gios na entidade. Dessa forma, ressalta ele, os estudantes chegariam mais preparados ao mercado e poderiam &#8220;fazer a diferen\u00e7a para o produtor rural&#8221;.<\/p>\n<p>\n\u00a0<\/p>\n<p>\nFerreira tamb\u00e9m elogiou o empenho que a Administra\u00e7\u00e3o regional do SENAR\/MS vem fazendo na \u00e1rea de ATeG, principalmente na estrutura\u00e7\u00e3o da equipe e na capacita\u00e7\u00e3o dos t\u00e9cnicos de campo. &#8220;O Mato Grosso do Sul talvez seja um dos melhores exemplos de desenvolvimento de ATeG para a implanta\u00e7\u00e3o de tecnologias sustent\u00e1veis. O investimento tem aumentado a cada ano e os resultados est\u00e3o aparecendo. \u00c9 por isso que eles est\u00e3o hoje aqui, contando a sua experi\u00eancia nesse evento&#8221;.<\/p>\n<p>\n\u00a0<\/p>\n<p>\nA mesa-redonda foi promovida pela Sociedade Rural Brasileira (SRB) e outras institui\u00e7\u00f5es. O objetivo principal foi divulgar projetos de assist\u00eancia t\u00e9cnica e difus\u00e3o de tecnologias em diferentes segmentos do agroneg\u00f3cio. O encontro tamb\u00e9m serviu para debater com a iniciativa privada, p\u00fablica e sociedade civil, estrat\u00e9gias para alavancar e consolidar pr\u00e1ticas de baixa emiss\u00e3o de carbono na agropecu\u00e1ria que resultem em ganhos de produtividade e rentabilidade.<\/p>\n<p>\n\u00a0<\/p>\n<p>\n\u00a0<\/p>\n","protected":false},"excerpt":{"rendered":"<p>\u00a0 Bras\u00edlia (25\/10\/2016) \u2013 Faltam profissionais preparados para prestar assist\u00eancia t\u00e9cnica em projetos que envolvam pr\u00e1ticas de baixa emiss\u00e3o de carbono no Brasil. A constata\u00e7\u00e3o foi feita pelo superintendente do Servi\u00e7o Nacional de Aprendizagem Rural (SENAR) de Mato Grosso do Sul, Rog\u00e9rio Beretta, durante o evento &#8220;Assist\u00eancia t\u00e9cnica, difus\u00e3o de tecnologia e financiamento: caminhos para [&hellip;]<\/p>\n","protected":false},"author":1,"featured_media":2835,"comment_status":"open","ping_status":"open","sticky":false,"template":"","format":"standard","meta":{"advgb_blocks_editor_width":"","advgb_blocks_columns_visual_guide":"","footnotes":""},"categories":[1],"tags":[],"class_list":["post-10051","post","type-post","status-publish","format-standard","has-post-thumbnail","hentry","category-geral"],"acf":[],"author_meta":{"display_name":"siteadmin","author_link":"https:\/\/sistemafamato.org.br\/senarmt\/author\/siteadmin\/"},"featured_img":"https:\/\/sistemafamato.org.br\/senarmt\/wp-content\/uploads\/sites\/2\/2016\/10\/28102016091704-300x200.jpg","coauthors":[],"tax_additional":{"categories":{"linked":["<a href=\"https:\/\/sistemafamato.org.br\/senarmt\/category\/geral\/\" class=\"advgb-post-tax-term\">Geral<\/a>"],"unlinked":["<span class=\"advgb-post-tax-term\">Geral<\/span>"]}},"comment_count":"0","relative_dates":{"created":"Publicado 9 anos atr\u00e1s","modified":"Atualizado 9 anos atr\u00e1s"},"absolute_dates":{"created":"Publicado em 28 de outubro de 2016","modified":"Atualizado em 28 de outubro de 2016"},"absolute_dates_time":{"created":"Publicado em 28 de outubro de 2016 09:17","modified":"Atualizado em 28 de outubro de 2016 09:17"},"featured_img_caption":"","series_order":"","_links":{"self":[{"href":"https:\/\/sistemafamato.org.br\/senarmt\/wp-json\/wp\/v2\/posts\/10051","targetHints":{"allow":["GET"]}}],"collection":[{"href":"https:\/\/sistemafamato.org.br\/senarmt\/wp-json\/wp\/v2\/posts"}],"about":[{"href":"https:\/\/sistemafamato.org.br\/senarmt\/wp-json\/wp\/v2\/types\/post"}],"author":[{"embeddable":true,"href":"https:\/\/sistemafamato.org.br\/senarmt\/wp-json\/wp\/v2\/users\/1"}],"replies":[{"embeddable":true,"href":"https:\/\/sistemafamato.org.br\/senarmt\/wp-json\/wp\/v2\/comments?post=10051"}],"version-history":[{"count":0,"href":"https:\/\/sistemafamato.org.br\/senarmt\/wp-json\/wp\/v2\/posts\/10051\/revisions"}],"wp:featuredmedia":[{"embeddable":true,"href":"https:\/\/sistemafamato.org.br\/senarmt\/wp-json\/wp\/v2\/media\/2835"}],"wp:attachment":[{"href":"https:\/\/sistemafamato.org.br\/senarmt\/wp-json\/wp\/v2\/media?parent=10051"}],"wp:term":[{"taxonomy":"category","embeddable":true,"href":"https:\/\/sistemafamato.org.br\/senarmt\/wp-json\/wp\/v2\/categories?post=10051"},{"taxonomy":"post_tag","embeddable":true,"href":"https:\/\/sistemafamato.org.br\/senarmt\/wp-json\/wp\/v2\/tags?post=10051"}],"curies":[{"name":"wp","href":"https:\/\/api.w.org\/{rel}","templated":true}]}}