{"id":10050,"date":"2016-10-27T17:43:06","date_gmt":"2016-10-27T19:43:06","guid":{"rendered":"https:\/\/sistemafamato.org.br\/senarmt\/2016\/10\/27\/projeto-jovens-protagonistas-rurais-quer-despertar-novas-liderancas-no-agro\/"},"modified":"2016-10-27T17:43:06","modified_gmt":"2016-10-27T19:43:06","slug":"projeto-jovens-protagonistas-rurais-quer-despertar-novas-liderancas-no-agro","status":"publish","type":"post","link":"https:\/\/sistemafamato.org.br\/senarmt\/2016\/10\/27\/projeto-jovens-protagonistas-rurais-quer-despertar-novas-liderancas-no-agro\/","title":{"rendered":"Projeto Jovens Protagonistas Rurais quer despertar novas lideran\u00e7as no agro"},"content":{"rendered":"<p style=\"text-align: justify;\">\nDespertar nos jovens de comunidades rurais o perfil transformador e protagonista, por meio de novas ferramentas de criatividade, ampliando os prop\u00f3sitos de vida e perspectivas de futuro dentro do agroneg\u00f3cio. Este \u00e9 o foco do novo programa do Servi\u00e7o Nacional de Aprendizagem Rural (SENAR-MT), os Jovens Protagonistas Rurais.<\/p>\n<p style=\"text-align: justify;\">\n\u00a0<\/p>\n<p style=\"text-align: justify;\">\nOito turmas j\u00e1 est\u00e3o em andamento em escolas p\u00fablicas de Cuiab\u00e1. O programa tem carga hor\u00e1ria de 80 horas, divididas em 20 m\u00f3dulos de quatro horas cada. Esta primeira etapa segue at\u00e9 o m\u00eas de dezembro.<\/p>\n<p style=\"text-align: justify;\">\n\u00a0<\/p>\n<p style=\"text-align: justify;\">\nUma das escolas que est\u00e1 recebendo o projeto \u00e9 a Escola Municipal Nossa Senhora da Penha da Fran\u00e7a, na comunidade Coxip\u00f3 do Ouro. L\u00e1, 25 alunos, com idades entre 13 e 20 anos, dos ensinos fundamental, m\u00e9dio e da Educa\u00e7\u00e3o de Jovens e Adultos (EJA) participam do programa. As aulas acontecem sempre \u00e0s segundas-feiras e quartas-feiras, em hor\u00e1rio oposto do hor\u00e1rio de aula, e j\u00e1 vem transformando as perspectivas dos participantes.<\/p>\n<p style=\"text-align: justify;\">\n\u00a0<\/p>\n<p style=\"text-align: justify;\">\nAnily Denin, de 15 anos, est\u00e1 no 1\u00ba ano do Ensino M\u00e9dio. Ela vive com os pais em uma das 16 comunidades que formam o Coxip\u00f3 do Ouro. A jovem de olhar determinado conta que antes do projeto, nunca pensou que poderia desenvolver lideran\u00e7a e ser uma l\u00edder em sua comunidade. &#8220;Mas o curso me abriu muito a cabe\u00e7a e est\u00e1 me mostrando in\u00fameras possibilidades que eu jamais imaginei&#8221;.<\/p>\n<p style=\"text-align: justify;\">\n\u00a0<\/p>\n<p style=\"text-align: justify;\">\nOutro que j\u00e1 faz planos para o futuro no agroneg\u00f3cio \u00e9 Guilherme Peres Silva, de 20 anos, que cursa o 2\u00ba ano do Ensino M\u00e9dio e quer estudar Medicina Veterin\u00e1ria. &#8220;O Jovens Protagonistas Rurais est\u00e1 me fazendo pensar no que quero da vida, ter ideias para projetos que ser\u00e3o inovadores na comunidade onde vido&#8221;, conta ele que junto com outros colegas do programa, est\u00e1 idealizando uma horta comunit\u00e1ria na escola.<\/p>\n<p style=\"text-align: justify;\">\n\u00a0<\/p>\n<p style=\"text-align: justify;\">\nPara o coordenador pedag\u00f3gico da Escola Municipal Nossa Senhora da Penha da Fran\u00e7a, Ednilson de Carvalho j\u00e1 s\u00e3o percept\u00edveis as mudan\u00e7as nos alunos que participam do projeto. &#8220;A gente sentia que eles estavam desmotivados e encontraram no projeto uma inspira\u00e7\u00e3o. O mais legal \u00e9 que eles est\u00e3o inspirando todos os outros alunos&#8221;.<\/p>\n<p style=\"text-align: justify;\">\n\u00a0<\/p>\n<p style=\"text-align: justify;\">\nO instrutor credenciado junto ao SENAR-MT, Daniel Dipp, aponta que cada m\u00f3dulo trabalha um tema, como protagonismo, lideran\u00e7a, processo criativo, marketing, entre outros. &#8220;Fazemos din\u00e2micas e trabalhos em grupo para que o conte\u00fado seja absorvido de maneira mais l\u00fadica pelos jovens e vem dando bastante certo&#8221;.<\/p>\n<p style=\"text-align: justify;\">\n\u00a0<\/p>\n<p style=\"text-align: justify;\">\nSegundo o coordenador de Projetos T\u00e9cnicos do SENAR-MT, Wlademiro Neto, o projeto est\u00e1 em fase de consolida\u00e7\u00e3o. &#8220;Iniciamos oito turmas em Cuiab\u00e1 e estamos finalizando a capacita\u00e7\u00e3o de novos instrutores para atender a demanda que j\u00e1 estamos recebendo. O programa j\u00e1 est\u00e1 dispon\u00edvel para ser demandando pelos Sindicatos Rurais para ser realizado no pr\u00f3ximo&#8221;.\u00a0<\/p>\n<p style=\"text-align: justify;\">\n\u00a0<\/p>\n<p style=\"text-align: justify;\">\nO SENAR-MT faz parte de um conjunto de entidades que forma o Sistema Famato. Essas entidades d\u00e3o suporte para o desenvolvimento sustent\u00e1vel do agroneg\u00f3cio e representam os interesses dos produtores rurais do Estado. \u00c9 formado ainda pela Federa\u00e7\u00e3o da Agricultura e Pecu\u00e1ria do Estado de Mato Grosso (Famato), pelo Instituto Mato-Grossense de Economia Agropecu\u00e1ria (Imea) e pelos 89 Sindicatos Rurais do Estado. O SENAR est\u00e1 nas redes sociais, acompanhe no\u00a0<a href=\"http:\/\/www.fb.me\/SenarMT\">Facebook<\/a>,\u00a0<a href=\"https:\/\/www.instagram.com\/senar_mt\/\">Instagram<\/a>,\u00a0<a href=\"https:\/\/www.linkedin.com\/company\/senar-mt\">Linkedin<\/a>,\u00a0<a href=\"https:\/\/www.youtube.com\/user\/mtsenar\">Youtube<\/a>\u00a0e no nosso<a href=\"https:\/\/senarmtblog.wordpress.com\/\">\u00a0Blog<\/a>.<\/p>\n","protected":false},"excerpt":{"rendered":"<p>Despertar nos jovens de comunidades rurais o perfil transformador e protagonista, por meio de novas ferramentas de criatividade, ampliando os prop\u00f3sitos de vida e perspectivas de futuro dentro do agroneg\u00f3cio. Este \u00e9 o foco do novo programa do Servi\u00e7o Nacional de Aprendizagem Rural (SENAR-MT), os Jovens Protagonistas Rurais. \u00a0 Oito turmas j\u00e1 est\u00e3o em andamento [&hellip;]<\/p>\n","protected":false},"author":1,"featured_media":2833,"comment_status":"open","ping_status":"open","sticky":false,"template":"","format":"standard","meta":{"advgb_blocks_editor_width":"","advgb_blocks_columns_visual_guide":"","footnotes":""},"categories":[1],"tags":[],"class_list":["post-10050","post","type-post","status-publish","format-standard","has-post-thumbnail","hentry","category-geral"],"acf":[],"author_meta":{"display_name":"siteadmin","author_link":"https:\/\/sistemafamato.org.br\/senarmt\/author\/siteadmin\/"},"featured_img":"https:\/\/sistemafamato.org.br\/senarmt\/wp-content\/uploads\/sites\/2\/2016\/10\/27102016054253-300x200.jpg","coauthors":[],"tax_additional":{"categories":{"linked":["<a href=\"https:\/\/sistemafamato.org.br\/senarmt\/category\/geral\/\" class=\"advgb-post-tax-term\">Geral<\/a>"],"unlinked":["<span class=\"advgb-post-tax-term\">Geral<\/span>"]}},"comment_count":"0","relative_dates":{"created":"Publicado 9 anos atr\u00e1s","modified":"Atualizado 9 anos atr\u00e1s"},"absolute_dates":{"created":"Publicado em 27 de outubro de 2016","modified":"Atualizado em 27 de outubro de 2016"},"absolute_dates_time":{"created":"Publicado em 27 de outubro de 2016 17:43","modified":"Atualizado em 27 de outubro de 2016 17:43"},"featured_img_caption":"","series_order":"","_links":{"self":[{"href":"https:\/\/sistemafamato.org.br\/senarmt\/wp-json\/wp\/v2\/posts\/10050","targetHints":{"allow":["GET"]}}],"collection":[{"href":"https:\/\/sistemafamato.org.br\/senarmt\/wp-json\/wp\/v2\/posts"}],"about":[{"href":"https:\/\/sistemafamato.org.br\/senarmt\/wp-json\/wp\/v2\/types\/post"}],"author":[{"embeddable":true,"href":"https:\/\/sistemafamato.org.br\/senarmt\/wp-json\/wp\/v2\/users\/1"}],"replies":[{"embeddable":true,"href":"https:\/\/sistemafamato.org.br\/senarmt\/wp-json\/wp\/v2\/comments?post=10050"}],"version-history":[{"count":0,"href":"https:\/\/sistemafamato.org.br\/senarmt\/wp-json\/wp\/v2\/posts\/10050\/revisions"}],"wp:featuredmedia":[{"embeddable":true,"href":"https:\/\/sistemafamato.org.br\/senarmt\/wp-json\/wp\/v2\/media\/2833"}],"wp:attachment":[{"href":"https:\/\/sistemafamato.org.br\/senarmt\/wp-json\/wp\/v2\/media?parent=10050"}],"wp:term":[{"taxonomy":"category","embeddable":true,"href":"https:\/\/sistemafamato.org.br\/senarmt\/wp-json\/wp\/v2\/categories?post=10050"},{"taxonomy":"post_tag","embeddable":true,"href":"https:\/\/sistemafamato.org.br\/senarmt\/wp-json\/wp\/v2\/tags?post=10050"}],"curies":[{"name":"wp","href":"https:\/\/api.w.org\/{rel}","templated":true}]}}