{"id":10049,"date":"2016-10-26T12:11:01","date_gmt":"2016-10-26T14:11:01","guid":{"rendered":"https:\/\/sistemafamato.org.br\/senarmt\/2016\/10\/26\/primeiro-lote-de-ingressos-para-o-cresce-mt-ja-esta-a-venda\/"},"modified":"2016-10-26T12:11:01","modified_gmt":"2016-10-26T14:11:01","slug":"primeiro-lote-de-ingressos-para-o-cresce-mt-ja-esta-a-venda","status":"publish","type":"post","link":"https:\/\/sistemafamato.org.br\/senarmt\/2016\/10\/26\/primeiro-lote-de-ingressos-para-o-cresce-mt-ja-esta-a-venda\/","title":{"rendered":"Primeiro lote de ingressos para o CRESCE-MT j\u00e1 est\u00e1 \u00e0 venda"},"content":{"rendered":"<p style=\"text-align: justify;\">\nJ&aacute; est&atilde;o &agrave; venda os ingressos para a o CRESCE-MT, evento que ser&aacute; realizado pelo Servi&ccedil;o Nacional de Aprendizagem Rural (SENAR-MT) no dia 11 de novembro. No primeiro lote os ingressos custam R$ 60 (inteira) e R$ 30 (meia). Para comprar, basta acessar o link: <a href=\"https:\/\/www.eventbrite.com.br\/e\/cresce-mt-tickets-28529720161\" target=\"_blank\" rel=\"noopener\">https:\/\/www.eventbrite.com.br\/e\/cresce-mt-tickets-28529720161<\/a>. &nbsp;<\/p>\n<p style=\"text-align: justify;\">\n&nbsp;<\/p>\n<p style=\"text-align: justify;\">\nCom o tema &quot;Educa&ccedil;&atilde;o para um novo tempo&quot;, o CRESCE MT ser&aacute; um dia de palestras que convida os participantes a repensar a educa&ccedil;&atilde;o. Entre os palestrantes j&aacute; confirmados, grandes nomes como Jos&eacute; Pacheco, Clemente N&oacute;brega, Celso Antunes, D&eacute;cio Zylbersztajn e Viviane Mos&eacute;, entre outros.<\/p>\n<p style=\"text-align: justify;\">\n&nbsp;<\/p>\n<p style=\"text-align: justify;\">\nOs lotes ser&atilde;o comercializados conforme a disponibilidade de ingressos. No segundo lote os ingressos custar&atilde;o R$ 80 (inteira) e R$ 40 (meia). J&aacute; no terceiro lote os valores ser&atilde;o R$ 100 (inteira) e R$ 50 (meia).<\/p>\n<p style=\"text-align: justify;\">\n&nbsp;<\/p>\n<p style=\"text-align: justify;\">\nAo adquirir o ingresso, o participante receber&aacute; um voucher que deve ser trocado pelo ingresso na sede do SENAR-MT, na Rua Engenheiro Edgard Prado Arze, s\/n&ordm;, no Centro Pol&iacute;tico Administrativo, em Cuiab&aacute;, entre os dias 31 de outubro e 09 de novembro.<\/p>\n<p style=\"text-align: justify;\">\n&nbsp;<\/p>\n<p style=\"text-align: justify;\">\nA ideia &eacute; tratar dos novos modelos de educa&ccedil;&atilde;o, inova&ccedil;&atilde;o, novas tecnologias e do futuro da educa&ccedil;&atilde;o. Ser&aacute; um dia inteiro de discuss&otilde;es e troca de informa&ccedil;&otilde;es. H&aacute; muitos questionamentos que o SENAR-MT pretende colocar em pauta e fomentar a discuss&atilde;o e a troca de informa&ccedil;&atilde;o. Dentre eles, est&atilde;o os novos rumos que a educa&ccedil;&atilde;o deve seguir.<\/p>\n<p style=\"text-align: justify;\">\n&nbsp;<\/p>\n<p style=\"text-align: justify;\">\nO SENAR-MT faz parte de um conjunto de entidades que forma o Sistema Famato. Essas entidades d&atilde;o suporte para o desenvolvimento sustent&aacute;vel do agroneg&oacute;cio e representam os interesses dos produtores rurais do Estado. &Eacute; formado ainda pela Federa&ccedil;&atilde;o da Agricultura e Pecu&aacute;ria do Estado de Mato Grosso (Famato), pelo Instituto Mato-Grossense de Economia Agropecu&aacute;ria (Imea) e pelos 89 Sindicatos Rurais do Estado. O SENAR est&aacute; nas redes sociais, acompanhe no&nbsp;<a href=\"http:\/\/www.fb.me\/SenarMT\">Facebook<\/a>,&nbsp;<a href=\"https:\/\/www.instagram.com\/senar_mt\/\">Instagram<\/a>,&nbsp;<a href=\"https:\/\/www.linkedin.com\/company\/senar-mt\">Linkedin<\/a>,&nbsp;<a href=\"https:\/\/www.youtube.com\/user\/mtsenar\">Youtube<\/a>&nbsp;e no nosso<a href=\"https:\/\/senarmtblog.wordpress.com\/\">&nbsp;Blog<\/a>.<\/p>\n<p>\n&nbsp;<\/p>\n<p>\n<strong>Programa&ccedil;&atilde;o<\/strong><\/p>\n<p>07h30 &agrave;s 08h30 &#8211; Credenciamento<br \/>\n08h30 &agrave;s 09h &#8211; Abertura do evento<br \/>\n09h &agrave;s 11h45 &#8211; Painel: A educa&ccedil;&atilde;o pode mudar?<br \/>\n13h &agrave;s 15h10 &#8211; Painel: E o agro, o que tem a ver com isso?<br \/>\n15h10 &agrave;s 15h50 &#8211; Cultura &eacute; educa&ccedil;&atilde;o?<br \/>\n15h50 &agrave;s 16h50 &#8211; Painel: E n&oacute;s o que podemos fazer?<br \/>\n16h50 &agrave;s 18h30 &#8211; Painel: E o Governo, como pode ajudar?<br \/>\n18h30 &agrave;s 19h &#8211; Encerramento&nbsp;<\/p>\n","protected":false},"excerpt":{"rendered":"<p>J&aacute; est&atilde;o &agrave; venda os ingressos para a o CRESCE-MT, evento que ser&aacute; realizado pelo Servi&ccedil;o Nacional de Aprendizagem Rural (SENAR-MT) no dia 11 de novembro. No primeiro lote os ingressos custam R$ 60 (inteira) e R$ 30 (meia). Para comprar, basta acessar o link: https:\/\/www.eventbrite.com.br\/e\/cresce-mt-tickets-28529720161. &nbsp; &nbsp; Com o tema &quot;Educa&ccedil;&atilde;o para um novo [&hellip;]<\/p>\n","protected":false},"author":1,"featured_media":2831,"comment_status":"open","ping_status":"open","sticky":false,"template":"","format":"standard","meta":{"advgb_blocks_editor_width":"","advgb_blocks_columns_visual_guide":"","footnotes":""},"categories":[1],"tags":[],"class_list":["post-10049","post","type-post","status-publish","format-standard","has-post-thumbnail","hentry","category-geral"],"acf":[],"author_meta":{"display_name":"siteadmin","author_link":"https:\/\/sistemafamato.org.br\/senarmt\/author\/siteadmin\/"},"featured_img":"https:\/\/sistemafamato.org.br\/senarmt\/wp-content\/uploads\/sites\/2\/2016\/10\/26102016121055-300x200.jpg","coauthors":[],"tax_additional":{"categories":{"linked":["<a href=\"https:\/\/sistemafamato.org.br\/senarmt\/category\/geral\/\" class=\"advgb-post-tax-term\">Geral<\/a>"],"unlinked":["<span class=\"advgb-post-tax-term\">Geral<\/span>"]}},"comment_count":"0","relative_dates":{"created":"Publicado 10 anos atr\u00e1s","modified":"Atualizado 10 anos atr\u00e1s"},"absolute_dates":{"created":"Publicado em 26 de outubro de 2016","modified":"Atualizado em 26 de outubro de 2016"},"absolute_dates_time":{"created":"Publicado em 26 de outubro de 2016 12:11","modified":"Atualizado em 26 de outubro de 2016 12:11"},"featured_img_caption":"","series_order":"","_links":{"self":[{"href":"https:\/\/sistemafamato.org.br\/senarmt\/wp-json\/wp\/v2\/posts\/10049","targetHints":{"allow":["GET"]}}],"collection":[{"href":"https:\/\/sistemafamato.org.br\/senarmt\/wp-json\/wp\/v2\/posts"}],"about":[{"href":"https:\/\/sistemafamato.org.br\/senarmt\/wp-json\/wp\/v2\/types\/post"}],"author":[{"embeddable":true,"href":"https:\/\/sistemafamato.org.br\/senarmt\/wp-json\/wp\/v2\/users\/1"}],"replies":[{"embeddable":true,"href":"https:\/\/sistemafamato.org.br\/senarmt\/wp-json\/wp\/v2\/comments?post=10049"}],"version-history":[{"count":0,"href":"https:\/\/sistemafamato.org.br\/senarmt\/wp-json\/wp\/v2\/posts\/10049\/revisions"}],"wp:featuredmedia":[{"embeddable":true,"href":"https:\/\/sistemafamato.org.br\/senarmt\/wp-json\/wp\/v2\/media\/2831"}],"wp:attachment":[{"href":"https:\/\/sistemafamato.org.br\/senarmt\/wp-json\/wp\/v2\/media?parent=10049"}],"wp:term":[{"taxonomy":"category","embeddable":true,"href":"https:\/\/sistemafamato.org.br\/senarmt\/wp-json\/wp\/v2\/categories?post=10049"},{"taxonomy":"post_tag","embeddable":true,"href":"https:\/\/sistemafamato.org.br\/senarmt\/wp-json\/wp\/v2\/tags?post=10049"}],"curies":[{"name":"wp","href":"https:\/\/api.w.org\/{rel}","templated":true}]}}