{"id":10047,"date":"2016-10-21T15:58:46","date_gmt":"2016-10-21T17:58:46","guid":{"rendered":"https:\/\/sistemafamato.org.br\/senarmt\/2016\/10\/21\/senar-mt-abre-inscricoes-para-o-cresce-mt\/"},"modified":"2016-10-21T15:58:46","modified_gmt":"2016-10-21T17:58:46","slug":"senar-mt-abre-inscricoes-para-o-cresce-mt","status":"publish","type":"post","link":"https:\/\/sistemafamato.org.br\/senarmt\/2016\/10\/21\/senar-mt-abre-inscricoes-para-o-cresce-mt\/","title":{"rendered":"SENAR-MT abre inscri\u00e7\u00f5es para o CRESCE MT"},"content":{"rendered":"<p style=\"text-align: justify;\">\nJ\u00e1 est\u00e3o abertas as inscri\u00e7\u00f5es para o CRESCE MT, evento que ser\u00e1 realizado pelo Servi\u00e7o Nacional de Aprendizagem Rural de Mato Grosso (SENAR-MT) no dia 11 de novembro, no Cenarium Rural em Cuiab\u00e1. Com o tema \u201cEduca\u00e7\u00e3o para um novo tempo\u201d, o CRESCE MT ser\u00e1 um dia de palestras que convida os participantes a repensar a educa\u00e7\u00e3o.<\/p>\n<p style=\"text-align: justify;\">\n\u00a0<\/p>\n<p style=\"text-align: justify;\">\nO primeiro lote segue at\u00e9 28 de outubro e os ingressos custam R$ 60 inteira e R$ 30 meia e podem ser adquiridos pelo endere\u00e7o: <a href=\"https:\/\/www.eventbrite.com.br\/e\/cresce-mt-tickets-28529720161\" target=\"_blank\" rel=\"noopener\">https:\/\/www.eventbrite.com.br\/e\/cresce-mt-tickets-28529720161<\/a>.<\/p>\n<p style=\"text-align: justify;\">\n\u00a0<\/p>\n<p style=\"text-align: justify;\">\nEntre os palestrantes j\u00e1 confirmados, grandes nomes como Jos\u00e9 Pacheco, Clemente N\u00f3brega, Celso Antunes, D\u00e9cio Zylbersztajn e Viviane Mos\u00e9, entre outros.<\/p>\n<p style=\"text-align: justify;\">\n\u00a0<\/p>\n<p style=\"text-align: justify;\">\nA ideia \u00e9 tratar dos novos modelos de educa\u00e7\u00e3o, inova\u00e7\u00e3o, novas tecnologias e do futuro da educa\u00e7\u00e3o. Ser\u00e1 um dia inteiro de discuss\u00f5es e troca de informa\u00e7\u00f5es. H\u00e1 muitos questionamentos que o SENAR-MT pretende colocar em pauta e fomentar a discuss\u00e3o e a troca de informa\u00e7\u00e3o. Dentre eles, est\u00e3o os novos rumos que a educa\u00e7\u00e3o deve seguir.<\/p>\n<p style=\"text-align: justify;\">\n\u00a0<\/p>\n<p style=\"text-align: justify;\">\nEsta \u00e9 a segunda edi\u00e7\u00e3o do CRESCEMT. A primeira aconteceu em abril de 2015. O objetivo deste evento \u00e9 fomentar discuss\u00f5es sobre a import\u00e2ncia da educa\u00e7\u00e3o em todos os setores.<\/p>\n<p style=\"text-align: justify;\">\n\u00a0<\/p>\n<p style=\"text-align: justify;\">\nAo adquirir o ingresso, o participante receber\u00e1 um voucher que deve ser trocado pelo ingresso na sede do SENAR-MT at\u00e9 o dia 09 de novembro.<\/p>\n<p style=\"text-align: justify;\">\n\u00a0<\/p>\n<p style=\"text-align: justify;\">\nO SENAR-MT faz parte de um conjunto de entidades que forma o Sistema Famato. Essas entidades d\u00e3o suporte para o desenvolvimento sustent\u00e1vel do agroneg\u00f3cio e representam os interesses dos produtores rurais do Estado. \u00c9 formado ainda pela Federa\u00e7\u00e3o da Agricultura e Pecu\u00e1ria do Estado de Mato Grosso (Famato), pelo Instituto Mato-Grossense de Economia Agropecu\u00e1ria (Imea) e pelos 89 Sindicatos Rurais do Estado. O SENAR est\u00e1 nas redes sociais, acompanhe no\u00a0<a href=\"http:\/\/www.fb.me\/SenarMT\">Facebook<\/a>,\u00a0<a href=\"https:\/\/www.instagram.com\/senar_mt\/\">Instagram<\/a>,\u00a0<a href=\"https:\/\/www.linkedin.com\/company\/senar-mt\">Linkedin<\/a>,\u00a0<a href=\"https:\/\/www.youtube.com\/user\/mtsenar\">Youtube<\/a>\u00a0e no nosso<a href=\"https:\/\/senarmtblog.wordpress.com\/\">\u00a0Blog<\/a>.<\/p>\n<p>\n\u00a0<\/p>\n<p>\n<strong>Programa\u00e7\u00e3o<\/strong><\/p>\n<p>07h30 \u00e0s 08h30 &#8211; Credenciamento<br \/>\n08h30 \u00e0s 09h &#8211; Abertura do evento<br \/>\n09h \u00e0s 11h45 &#8211; Painel: A educa\u00e7\u00e3o pode mudar?<br \/>\n13h \u00e0s 15h10 &#8211; Painel: E o agro, o que tem a ver com isso?<br \/>\n15h10 \u00e0s 15h50 &#8211; Cultura \u00e9 educa\u00e7\u00e3o?<br \/>\n15h50 \u00e0s 16h50 &#8211; Painel: E n\u00f3s o que podemos fazer?<br \/>\n16h50 \u00e0s 18h30 &#8211; Painel: E o Governo, como pode ajudar?<br \/>\n18h30 \u00e0s 19h &#8211; Encerramento\u00a0<\/p>\n","protected":false},"excerpt":{"rendered":"<p>J\u00e1 est\u00e3o abertas as inscri\u00e7\u00f5es para o CRESCE MT, evento que ser\u00e1 realizado pelo Servi\u00e7o Nacional de Aprendizagem Rural de Mato Grosso (SENAR-MT) no dia 11 de novembro, no Cenarium Rural em Cuiab\u00e1. Com o tema \u201cEduca\u00e7\u00e3o para um novo tempo\u201d, o CRESCE MT ser\u00e1 um dia de palestras que convida os participantes a repensar [&hellip;]<\/p>\n","protected":false},"author":1,"featured_media":2827,"comment_status":"open","ping_status":"open","sticky":false,"template":"","format":"standard","meta":{"advgb_blocks_editor_width":"","advgb_blocks_columns_visual_guide":"","footnotes":""},"categories":[1],"tags":[],"class_list":["post-10047","post","type-post","status-publish","format-standard","has-post-thumbnail","hentry","category-geral"],"acf":[],"author_meta":{"display_name":"siteadmin","author_link":"https:\/\/sistemafamato.org.br\/senarmt\/author\/siteadmin\/"},"featured_img":"https:\/\/sistemafamato.org.br\/senarmt\/wp-content\/uploads\/sites\/2\/2016\/10\/21102016035838-300x201.jpg","coauthors":[],"tax_additional":{"categories":{"linked":["<a href=\"https:\/\/sistemafamato.org.br\/senarmt\/category\/geral\/\" class=\"advgb-post-tax-term\">Geral<\/a>"],"unlinked":["<span class=\"advgb-post-tax-term\">Geral<\/span>"]}},"comment_count":"0","relative_dates":{"created":"Publicado 10 anos atr\u00e1s","modified":"Atualizado 10 anos atr\u00e1s"},"absolute_dates":{"created":"Publicado em 21 de outubro de 2016","modified":"Atualizado em 21 de outubro de 2016"},"absolute_dates_time":{"created":"Publicado em 21 de outubro de 2016 15:58","modified":"Atualizado em 21 de outubro de 2016 15:58"},"featured_img_caption":"","series_order":"","_links":{"self":[{"href":"https:\/\/sistemafamato.org.br\/senarmt\/wp-json\/wp\/v2\/posts\/10047","targetHints":{"allow":["GET"]}}],"collection":[{"href":"https:\/\/sistemafamato.org.br\/senarmt\/wp-json\/wp\/v2\/posts"}],"about":[{"href":"https:\/\/sistemafamato.org.br\/senarmt\/wp-json\/wp\/v2\/types\/post"}],"author":[{"embeddable":true,"href":"https:\/\/sistemafamato.org.br\/senarmt\/wp-json\/wp\/v2\/users\/1"}],"replies":[{"embeddable":true,"href":"https:\/\/sistemafamato.org.br\/senarmt\/wp-json\/wp\/v2\/comments?post=10047"}],"version-history":[{"count":0,"href":"https:\/\/sistemafamato.org.br\/senarmt\/wp-json\/wp\/v2\/posts\/10047\/revisions"}],"wp:featuredmedia":[{"embeddable":true,"href":"https:\/\/sistemafamato.org.br\/senarmt\/wp-json\/wp\/v2\/media\/2827"}],"wp:attachment":[{"href":"https:\/\/sistemafamato.org.br\/senarmt\/wp-json\/wp\/v2\/media?parent=10047"}],"wp:term":[{"taxonomy":"category","embeddable":true,"href":"https:\/\/sistemafamato.org.br\/senarmt\/wp-json\/wp\/v2\/categories?post=10047"},{"taxonomy":"post_tag","embeddable":true,"href":"https:\/\/sistemafamato.org.br\/senarmt\/wp-json\/wp\/v2\/tags?post=10047"}],"curies":[{"name":"wp","href":"https:\/\/api.w.org\/{rel}","templated":true}]}}