{"id":10044,"date":"2016-10-18T16:41:05","date_gmt":"2016-10-18T18:41:05","guid":{"rendered":"https:\/\/sistemafamato.org.br\/senarmt\/2016\/10\/18\/senar-mt-capacita-tecnicos-para-vacinacao-contra-aftosa\/"},"modified":"2016-10-18T16:41:05","modified_gmt":"2016-10-18T18:41:05","slug":"senar-mt-capacita-tecnicos-para-vacinacao-contra-aftosa","status":"publish","type":"post","link":"https:\/\/sistemafamato.org.br\/senarmt\/2016\/10\/18\/senar-mt-capacita-tecnicos-para-vacinacao-contra-aftosa\/","title":{"rendered":"SENAR-MT capacita t\u00e9cnicos para vacina\u00e7\u00e3o contra aftosa"},"content":{"rendered":"<p style=\"text-align: justify;\">\nCom o m&ecirc;s de novembro se aproximando, os pecuaristas de Mato Grosso j&aacute; se preparam para a etapa da campanha de vacina&ccedil;&atilde;o contra a febre aftosa. Entre 1&ordm; e 30 de novembro, todo o rebanho bovino do Estado, que &eacute; de 29,2 milh&otilde;es de animais, deve ser vacinado.<\/p>\n<p style=\"text-align: justify;\">\n&nbsp;<\/p>\n<p style=\"text-align: justify;\">\nPara auxiliar os pecuaristas neste trabalho, o Servi&ccedil;o Nacional de Aprendizagem Rural de Mato Grosso (SENAR-MT) oferece o treinamento &quot;Agente sanit&aacute;rio em sa&uacute;de animal&quot;, que tem como objetivo orientar sobre a correta t&eacute;cnica de vacina&ccedil;&atilde;o de bovinos e bubalinos contra febre aftosa.<\/p>\n<p style=\"text-align: justify;\">\n&nbsp;<\/p>\n<p style=\"text-align: justify;\">\nPara os meses de outubro e novembro j&aacute; est&atilde;o previstas 10 turmas, nos munic&iacute;pios de Nova Bandeirantes, Vila Bela da Sant&iacute;ssima Trindade, Confresa, Juscimeira, Pedra Preta, S&atilde;o Jos&eacute; do Xingu, Terra Nova do Norte e Rondon&oacute;polis.<\/p>\n<p style=\"text-align: justify;\">\n&nbsp;<\/p>\n<p style=\"text-align: justify;\">\nO treinamento pode ser demandando pelos Sindicatos Rurais de Mato Grosso para realiza&ccedil;&atilde;o ainda neste ano. Para participar, o interessado deve procurar o Sindicato Rural do seu munic&iacute;pio e saber se h&aacute; vagas e turmas dispon&iacute;veis.<\/p>\n<p style=\"text-align: justify;\">\n&nbsp;<\/p>\n<p style=\"text-align: justify;\">\nA carga hor&aacute;ria do treinamento &eacute; de 24 horas, dividida em teoria e pr&aacute;tica. Para participar &eacute; preciso ter mais de 18 anos e ser alfabetizado com no&ccedil;&otilde;es b&aacute;sicas de matem&aacute;tica.<\/p>\n<p style=\"text-align: justify;\">\n&nbsp;<\/p>\n<p style=\"text-align: justify;\">\nNo cronograma do treinamento, os participantes recebem informa&ccedil;&otilde;es sobre a febre aftosa: preju&iacute;zos, agentes causais, transmiss&atilde;o, sintomas; controle da doen&ccedil;a; caracter&iacute;sticas da vacina; calend&aacute;rio de vacina&ccedil;&atilde;o e controle de transito de animais; notifica&ccedil;&atilde;o de ocorr&ecirc;ncia da febre aftosa; realiza&ccedil;&atilde;o de exames; destino de animais positivo; cuidados com as vacinas; material utilizado para aplica&ccedil;&atilde;o das vacinas; manuten&ccedil;&atilde;o da seringa tipo pistola; manejo do rebanho; locais de aplica&ccedil;&atilde;o de vacinas; programa&ccedil;&atilde;o da vacina&ccedil;&atilde;o; aplica&ccedil;&atilde;o das vacinas; marca&ccedil;&atilde;o do animal vacinado; descarte correto dos materiais de vacina&ccedil;&atilde;o e comprova&ccedil;&atilde;o da vacina&ccedil;&atilde;o ao &oacute;rg&atilde;o competente, entre outras.<\/p>\n<p style=\"text-align: justify;\">\n&nbsp;<\/p>\n<p style=\"text-align: justify;\">\n<strong>Calend&aacute;rio de vacina&ccedil;&atilde;o &#8211;<\/strong> Mato Grosso est&aacute; livre da febre aftosa h&aacute; 20 anos. Em 2017, ap&oacute;s pedido do setor produtivo do Estado, haver&aacute; uma mudan&ccedil;a no calend&aacute;rio de vacina&ccedil;&atilde;o. Na etapa de maio, ser&aacute; vacinado o gado em todas as faixas et&aacute;rias, de mamando a caducando &#8211; anteriormente eram vacinados nesta etapa apenas os animais at&eacute; 24 meses. J&aacute; em novembro ser&atilde;o imunizados rebanhos com at&eacute; dois anos. A vacina&ccedil;&atilde;o na regi&atilde;o do Pantanal permanecer&aacute; com o mesmo calend&aacute;rio, de uma &uacute;nica vacina&ccedil;&atilde;o de todo o rebanho em novembro e, para os produtores que desejam fazer movimenta&ccedil;&atilde;o de rebanho, uma segunda etapa quando tiver ultrapassado seis meses da &uacute;ltima vacina&ccedil;&atilde;o.<\/p>\n<p style=\"text-align: justify;\">\n&nbsp;<\/p>\n<p style=\"text-align: justify;\">\nO SENAR-MT faz parte de um conjunto de entidades que forma o Sistema Famato. Essas entidades d&atilde;o suporte para o desenvolvimento sustent&aacute;vel do agroneg&oacute;cio e representam os interesses dos produtores rurais do Estado. &Eacute; formado ainda pela Federa&ccedil;&atilde;o da Agricultura e Pecu&aacute;ria do Estado de Mato Grosso (Famato), pelo Instituto Mato-Grossense de Economia Agropecu&aacute;ria (Imea) e pelos 89 Sindicatos Rurais do Estado. O SENAR est&aacute; nas redes sociais, acompanhe no&nbsp;<a href=\"http:\/\/www.fb.me\/SenarMT\">Facebook<\/a>,&nbsp;<a href=\"https:\/\/www.instagram.com\/senar_mt\/\">Instagram<\/a>,&nbsp;<a href=\"https:\/\/www.linkedin.com\/company\/senar-mt\">Linkedin<\/a>,&nbsp;<a href=\"https:\/\/www.youtube.com\/user\/mtsenar\">Youtube<\/a>&nbsp;e no nosso<a href=\"https:\/\/senarmtblog.wordpress.com\/\">&nbsp;Blog<\/a>.<\/p>\n","protected":false},"excerpt":{"rendered":"<p>Com o m&ecirc;s de novembro se aproximando, os pecuaristas de Mato Grosso j&aacute; se preparam para a etapa da campanha de vacina&ccedil;&atilde;o contra a febre aftosa. Entre 1&ordm; e 30 de novembro, todo o rebanho bovino do Estado, que &eacute; de 29,2 milh&otilde;es de animais, deve ser vacinado. &nbsp; Para auxiliar os pecuaristas neste trabalho, [&hellip;]<\/p>\n","protected":false},"author":1,"featured_media":2821,"comment_status":"open","ping_status":"open","sticky":false,"template":"","format":"standard","meta":{"advgb_blocks_editor_width":"","advgb_blocks_columns_visual_guide":"","footnotes":""},"categories":[1],"tags":[],"class_list":["post-10044","post","type-post","status-publish","format-standard","has-post-thumbnail","hentry","category-geral"],"acf":[],"author_meta":{"display_name":"siteadmin","author_link":"https:\/\/sistemafamato.org.br\/senarmt\/author\/siteadmin\/"},"featured_img":"https:\/\/sistemafamato.org.br\/senarmt\/wp-content\/uploads\/sites\/2\/2016\/10\/18102016044052-300x200.jpg","coauthors":[],"tax_additional":{"categories":{"linked":["<a href=\"https:\/\/sistemafamato.org.br\/senarmt\/category\/geral\/\" class=\"advgb-post-tax-term\">Geral<\/a>"],"unlinked":["<span class=\"advgb-post-tax-term\">Geral<\/span>"]}},"comment_count":"0","relative_dates":{"created":"Publicado 10 anos atr\u00e1s","modified":"Atualizado 10 anos atr\u00e1s"},"absolute_dates":{"created":"Publicado em 18 de outubro de 2016","modified":"Atualizado em 18 de outubro de 2016"},"absolute_dates_time":{"created":"Publicado em 18 de outubro de 2016 16:41","modified":"Atualizado em 18 de outubro de 2016 16:41"},"featured_img_caption":"","series_order":"","_links":{"self":[{"href":"https:\/\/sistemafamato.org.br\/senarmt\/wp-json\/wp\/v2\/posts\/10044","targetHints":{"allow":["GET"]}}],"collection":[{"href":"https:\/\/sistemafamato.org.br\/senarmt\/wp-json\/wp\/v2\/posts"}],"about":[{"href":"https:\/\/sistemafamato.org.br\/senarmt\/wp-json\/wp\/v2\/types\/post"}],"author":[{"embeddable":true,"href":"https:\/\/sistemafamato.org.br\/senarmt\/wp-json\/wp\/v2\/users\/1"}],"replies":[{"embeddable":true,"href":"https:\/\/sistemafamato.org.br\/senarmt\/wp-json\/wp\/v2\/comments?post=10044"}],"version-history":[{"count":0,"href":"https:\/\/sistemafamato.org.br\/senarmt\/wp-json\/wp\/v2\/posts\/10044\/revisions"}],"wp:featuredmedia":[{"embeddable":true,"href":"https:\/\/sistemafamato.org.br\/senarmt\/wp-json\/wp\/v2\/media\/2821"}],"wp:attachment":[{"href":"https:\/\/sistemafamato.org.br\/senarmt\/wp-json\/wp\/v2\/media?parent=10044"}],"wp:term":[{"taxonomy":"category","embeddable":true,"href":"https:\/\/sistemafamato.org.br\/senarmt\/wp-json\/wp\/v2\/categories?post=10044"},{"taxonomy":"post_tag","embeddable":true,"href":"https:\/\/sistemafamato.org.br\/senarmt\/wp-json\/wp\/v2\/tags?post=10044"}],"curies":[{"name":"wp","href":"https:\/\/api.w.org\/{rel}","templated":true}]}}