{"id":10042,"date":"2016-10-14T17:40:59","date_gmt":"2016-10-14T20:40:59","guid":{"rendered":"https:\/\/sistemafamato.org.br\/senarmt\/2016\/10\/14\/capacitacao-da-mao-de-obra-e-desafio-para-aumento-da-producao-de-alimentos\/"},"modified":"2016-10-14T17:40:59","modified_gmt":"2016-10-14T20:40:59","slug":"capacitacao-da-mao-de-obra-e-desafio-para-aumento-da-producao-de-alimentos","status":"publish","type":"post","link":"https:\/\/sistemafamato.org.br\/senarmt\/2016\/10\/14\/capacitacao-da-mao-de-obra-e-desafio-para-aumento-da-producao-de-alimentos\/","title":{"rendered":"Capacita\u00e7\u00e3o da m\u00e3o de obra \u00e9 desafio para aumento da produ\u00e7\u00e3o de alimentos"},"content":{"rendered":"<p style=\"text-align: justify;\">\nNo pr\u00f3ximo domingo (16.10) \u00e9 comemorado o Dia Mundial da Alimenta\u00e7\u00e3o. A Organiza\u00e7\u00e3o das Na\u00e7\u00f5es Unidas para Alimenta\u00e7\u00e3o e Agricultura (FAO) estima que a popula\u00e7\u00e3o mundial crescer\u00e1 31% e a demanda por alimentos crescer\u00e1 70%. Com o mundo demandando mais alimentos, o trabalho no campo ser\u00e1 cada vez mais importante.<\/p>\n<p style=\"text-align: justify;\">\n\u00a0<\/p>\n<p style=\"text-align: justify;\">\nO aumento da produtividade sem aumentar a \u00e1rea de produ\u00e7\u00e3o \u00e9 um dos grandes desafios e profissionais capacitados ser\u00e3o uma necessidade ainda mais fundamental neste processo. &#8220;A forma\u00e7\u00e3o de m\u00e3o de obra \u00e9 um dos pilares da constru\u00e7\u00e3o desta agropecu\u00e1ria que vai alimentar uma popula\u00e7\u00e3o que cresce continuamente&#8221;, destaca o superintende do Servi\u00e7o Nacional de Aprendizagem Rural de Mato Grosso (SENAR-MT).<\/p>\n<p style=\"text-align: justify;\">\n\u00a0<\/p>\n<p style=\"text-align: justify;\">\nSegundo a previs\u00e3o da FAO, em 250 haver\u00e1 cerca de 9,7 bilh\u00f5es de pessoas no planeta. Al\u00e9m da popula\u00e7\u00e3o crescer 31%, as pessoas v\u00e3o ganhar cada vez mais. A renda vai aumentar em v\u00e1rias partes do mundo e, com isso, haver\u00e1 um aumento consider\u00e1vel na demanda por alimentos. &#8220;As pessoas v\u00e3o querer morar melhor, comer bem e viver com mais conforto&#8221;, destaca Celidonio.<\/p>\n<p style=\"text-align: justify;\">\n\u00a0<\/p>\n<p style=\"text-align: justify;\">\nDiante destes n\u00fameros e com os desafios cada vez maior, ser\u00e1 preciso buscar cada vez mais produzir mais em menos espa\u00e7o, ou seja, aumentar a produtividade e a rentabilidade. O Brasil contribui em 7% com a produ\u00e7\u00e3o de gr\u00e3os do mundo e a expectativa \u00e9 que destes 70% da demanda mundial, 40% ser\u00e3o do Brasil que assume cada vez mais o papel de protagonista nesse ranking de maiores produtores.<\/p>\n<p style=\"text-align: justify;\">\n\u00a0<\/p>\n<p style=\"text-align: justify;\">\nVivendo agora a era da agrointelig\u00eancia, ter conhecimento j\u00e1 era um diferencial quando vivemos a chamada revolu\u00e7\u00e3o agr\u00edcola. Agora temos a necessidade de ter profissionais muito mais preparados. &#8220;Adequar m\u00e3o de obra \u00e9 oferecer educa\u00e7\u00e3o para poder enfim conectar o campo com a tecnologia existente e dar conta do recado&#8221;, finaliza o superintendente.<\/p>\n<p style=\"text-align: justify;\">\n\u00a0<\/p>\n<p style=\"text-align: justify;\">\n<strong>Conhecimento &#8211;<\/strong> O SENAR-MT tem trabalhado para inserir todo o tipo de profissional no setor do agroneg\u00f3cio. A institui\u00e7\u00e3o oferece produtos para quem quer ter o primeiro contato com o agroneg\u00f3cio, EaD, palestras oficinas, produtos de qualifica\u00e7\u00e3o para trabalhadores que querem entrar no mercado com cursos de alta carga hor\u00e1ria.<\/p>\n<p style=\"text-align: justify;\">\n\u00a0<\/p>\n<p style=\"text-align: justify;\">\nO carro chefe s\u00e3o os produtos de aperfei\u00e7oamento para aqueles que j\u00e1 trabalham no campo e querem se aperfei\u00e7oar. Ao todo temos mais de 250 treinamentos que atendem 15 cadeias produtivas e mais 15 programas especiais.<\/p>\n<p style=\"text-align: justify;\">\n\u00a0<\/p>\n<p style=\"text-align: justify;\">\n<strong>Data &#8211;<\/strong> O Dia Mundial da Alimenta\u00e7\u00e3o foi estabelecido em 1979 na 20\u00aa Confer\u00eancia da FAO. A data marca o dia da funda\u00e7\u00e3o da instiuit\u00e7\u00e3o, ocorrida em 1945. Todos os anos, a entidade lan\u00e7a um tema de comemora\u00e7\u00e3o e o deste ano ser\u00e1 &#8220;o clima est\u00e1 mudando: a alimenta\u00e7\u00e3o e a agricultura tamb\u00e9m\u201d.<\/p>\n<p style=\"text-align: justify;\">\n\u00a0<\/p>\n<p style=\"text-align: justify;\">\nO SENAR-MT faz parte de um conjunto de entidades que forma o Sistema Famato. Essas entidades d\u00e3o suporte para o desenvolvimento sustent\u00e1vel do agroneg\u00f3cio e representam os interesses dos produtores rurais do Estado. \u00c9 formado ainda pela Federa\u00e7\u00e3o da Agricultura e Pecu\u00e1ria do Estado de Mato Grosso (Famato), pelo Instituto Mato-Grossense de Economia Agropecu\u00e1ria (Imea) e pelos 89 Sindicatos Rurais do Estado. O SENAR est\u00e1 nas redes sociais, acompanhe no <a href=\"http:\/\/www.fb.me\/SenarMT\">Facebook<\/a>, <a href=\"https:\/\/www.instagram.com\/senar_mt\/\">Instagram<\/a>, <a href=\"https:\/\/www.linkedin.com\/company\/senar-mt\">Linkedin<\/a>, <a href=\"https:\/\/www.youtube.com\/user\/mtsenar\">Youtube<\/a> e no nosso<a href=\"https:\/\/senarmtblog.wordpress.com\/\"> Blog<\/a>.<\/p>\n<p>\n\u00a0<\/p>\n","protected":false},"excerpt":{"rendered":"<p>No pr\u00f3ximo domingo (16.10) \u00e9 comemorado o Dia Mundial da Alimenta\u00e7\u00e3o. A Organiza\u00e7\u00e3o das Na\u00e7\u00f5es Unidas para Alimenta\u00e7\u00e3o e Agricultura (FAO) estima que a popula\u00e7\u00e3o mundial crescer\u00e1 31% e a demanda por alimentos crescer\u00e1 70%. Com o mundo demandando mais alimentos, o trabalho no campo ser\u00e1 cada vez mais importante. \u00a0 O aumento da produtividade [&hellip;]<\/p>\n","protected":false},"author":1,"featured_media":2817,"comment_status":"open","ping_status":"open","sticky":false,"template":"","format":"standard","meta":{"advgb_blocks_editor_width":"","advgb_blocks_columns_visual_guide":"","footnotes":""},"categories":[1],"tags":[],"class_list":["post-10042","post","type-post","status-publish","format-standard","has-post-thumbnail","hentry","category-geral"],"acf":[],"author_meta":{"display_name":"siteadmin","author_link":"https:\/\/sistemafamato.org.br\/senarmt\/author\/siteadmin\/"},"featured_img":"https:\/\/sistemafamato.org.br\/senarmt\/wp-content\/uploads\/sites\/2\/2016\/10\/14102016054023-300x200.jpg","coauthors":[],"tax_additional":{"categories":{"linked":["<a href=\"https:\/\/sistemafamato.org.br\/senarmt\/category\/geral\/\" class=\"advgb-post-tax-term\">Geral<\/a>"],"unlinked":["<span class=\"advgb-post-tax-term\">Geral<\/span>"]}},"comment_count":"0","relative_dates":{"created":"Publicado 10 anos atr\u00e1s","modified":"Atualizado 10 anos atr\u00e1s"},"absolute_dates":{"created":"Publicado em 14 de outubro de 2016","modified":"Atualizado em 14 de outubro de 2016"},"absolute_dates_time":{"created":"Publicado em 14 de outubro de 2016 17:40","modified":"Atualizado em 14 de outubro de 2016 17:40"},"featured_img_caption":"","series_order":"","_links":{"self":[{"href":"https:\/\/sistemafamato.org.br\/senarmt\/wp-json\/wp\/v2\/posts\/10042","targetHints":{"allow":["GET"]}}],"collection":[{"href":"https:\/\/sistemafamato.org.br\/senarmt\/wp-json\/wp\/v2\/posts"}],"about":[{"href":"https:\/\/sistemafamato.org.br\/senarmt\/wp-json\/wp\/v2\/types\/post"}],"author":[{"embeddable":true,"href":"https:\/\/sistemafamato.org.br\/senarmt\/wp-json\/wp\/v2\/users\/1"}],"replies":[{"embeddable":true,"href":"https:\/\/sistemafamato.org.br\/senarmt\/wp-json\/wp\/v2\/comments?post=10042"}],"version-history":[{"count":0,"href":"https:\/\/sistemafamato.org.br\/senarmt\/wp-json\/wp\/v2\/posts\/10042\/revisions"}],"wp:featuredmedia":[{"embeddable":true,"href":"https:\/\/sistemafamato.org.br\/senarmt\/wp-json\/wp\/v2\/media\/2817"}],"wp:attachment":[{"href":"https:\/\/sistemafamato.org.br\/senarmt\/wp-json\/wp\/v2\/media?parent=10042"}],"wp:term":[{"taxonomy":"category","embeddable":true,"href":"https:\/\/sistemafamato.org.br\/senarmt\/wp-json\/wp\/v2\/categories?post=10042"},{"taxonomy":"post_tag","embeddable":true,"href":"https:\/\/sistemafamato.org.br\/senarmt\/wp-json\/wp\/v2\/tags?post=10042"}],"curies":[{"name":"wp","href":"https:\/\/api.w.org\/{rel}","templated":true}]}}