{"id":10041,"date":"2016-10-14T16:14:26","date_gmt":"2016-10-14T19:14:26","guid":{"rendered":"https:\/\/sistemafamato.org.br\/senarmt\/2016\/10\/14\/empreendedorismo-sera-debatido-no-cna-jovem-nacional\/"},"modified":"2016-10-14T16:14:26","modified_gmt":"2016-10-14T19:14:26","slug":"empreendedorismo-sera-debatido-no-cna-jovem-nacional","status":"publish","type":"post","link":"https:\/\/sistemafamato.org.br\/senarmt\/2016\/10\/14\/empreendedorismo-sera-debatido-no-cna-jovem-nacional\/","title":{"rendered":"Empreendedorismo ser\u00e1 debatido no CNA Jovem Nacional"},"content":{"rendered":"<p>\n<strong>Bras\u00edlia (14\/10\/2016) \u2013<\/strong> Os 81 participantes do CNA Jovem, programa de desenvolvimento de lideran\u00e7as do Sistema CNA\/SENAR, voltam a se reunir neste final de semana, em Bras\u00edlia. Empreendedorismo \u00e9 o tema deste terceiro encontro da etapa nacional. O especialista em marketing no agroneg\u00f3cio Jos\u00e9 Luiz Tejon, faz a primeira palestra na noite desta sexta-feira (14\/10).<\/p>\n<p>\n\u00a0<\/p>\n<p>\nNo s\u00e1bado e domingo, a programa\u00e7\u00e3o prev\u00ea uma gincana de grupos, din\u00e2micas e mais uma palestra, dessa vez sobre novos neg\u00f3cios, com o diretor de Comunica\u00e7\u00e3o da Rede Hortifruti, F\u00e1bio Hertel.<\/p>\n<p>\n\u00a0<\/p>\n<p>\nO principal foco deste encontro \u00e9 a prepara\u00e7\u00e3o do projeto individual de lideran\u00e7a empreendedora. Segundo a coordenadora t\u00e9cnica do programa, Fernanda Jackeline Nonato, quatro pilares v\u00e3o direcionar os trabalhos: a amplia\u00e7\u00e3o do espa\u00e7o de oportunidade dispon\u00edvel para os lideres, o exerc\u00edcio da constru\u00e7\u00e3o dos projetos de lideran\u00e7a, a pr\u00e1tica da vota\u00e7\u00e3o para escolha do melhor projeto e o in\u00edcio da elabora\u00e7\u00e3o das suas hist\u00f3rias.<\/p>\n<p>\n\u00a0<\/p>\n<p>\nA chefe do Departamento de Educa\u00e7\u00e3o Profissional e Promo\u00e7\u00e3o Social (DEPPS) do SENAR, Andr\u00e9a Barbosa Alves, tamb\u00e9m ressalta que o terceiro encontro ser\u00e1 muito participativo e os jovens ter\u00e3o atividades desafiadoras. &#8220;Estamos chegando na reta final do programa e agora todos j\u00e1 precisam ter definido seu prop\u00f3sito e foco. S\u00f3 ap\u00f3s amadurecerem nesta discuss\u00e3o \u00e9 que v\u00e3o conseguir construir verdadeiros projetos de lideran\u00e7a que ir\u00e3o impactar na vida de cada um e de seus seguidores. Estamos trabalhando muito no planejamento de cada encontro para que os jovens, de fato, tenham um crescimento cont\u00ednuo&#8221;.<\/p>\n<p>\n\u00a0<\/p>\n<p>\nOs jovens participantes representam 21 estados e o Distrito Federal. Eles t\u00eam entre 22 e 30 anos e passaram por uma etapa seletiva estadual, onde elaboraram projetos de lideran\u00e7a.<\/p>\n<p>\n\u00a0<\/p>\n<p>\nO Programa CNA Jovem tem como foco preparar jovens do meio rural de todo o Pa\u00eds para impulsionar ainda mais o setor empresarial rural. Quatro encontros foram planejados. Os dois primeiros trataram sobre prop\u00f3sito de lideran\u00e7a nas esferas institucional, acad\u00eamica, empresarial, pol\u00edtica e sindical e o diferencial do l\u00edder. O \u00faltimo evento ter\u00e1 como tema Hist\u00f3ria do l\u00edder e acontecer\u00e1 de 25 a 27 de novembro.<\/p>\n<p>\n\u00a0<\/p>\n<p>\nA carga hor\u00e1ria total do processo de desenvolvimento ser\u00e1 de 224 horas. Os tr\u00eas primeiros colocados desta edi\u00e7\u00e3o ganhar\u00e3o uma viagem de 12 dias para a Nova Zel\u00e2ndia, em mar\u00e7o de 2017, e um curso presencial de ingl\u00eas.<\/p>\n<p>\n\u00a0<\/p>\n<p>\n<strong>Servi\u00e7o CNA Jovem Nacional \u2013 3\u00ba encontro<\/strong><\/p>\n<p>\nQuando: de 14 a 16 de outubro<\/p>\n<p>\nOnde: Centro de Conven\u00e7\u00f5es Israel Pinheiro (CCIP)<\/p>\n<p>\nEndere\u00e7o: Ao lado da Ermida Dom Bosco, \u00e0 altura da QL 32 do Lago Sul, em Bras\u00edlia (DF)<\/p>\n<p>\n\u00a0<\/p>\n","protected":false},"excerpt":{"rendered":"<p>Bras\u00edlia (14\/10\/2016) \u2013 Os 81 participantes do CNA Jovem, programa de desenvolvimento de lideran\u00e7as do Sistema CNA\/SENAR, voltam a se reunir neste final de semana, em Bras\u00edlia. Empreendedorismo \u00e9 o tema deste terceiro encontro da etapa nacional. O especialista em marketing no agroneg\u00f3cio Jos\u00e9 Luiz Tejon, faz a primeira palestra na noite desta sexta-feira (14\/10). [&hellip;]<\/p>\n","protected":false},"author":1,"featured_media":2815,"comment_status":"open","ping_status":"open","sticky":false,"template":"","format":"standard","meta":{"advgb_blocks_editor_width":"","advgb_blocks_columns_visual_guide":"","footnotes":""},"categories":[1],"tags":[],"class_list":["post-10041","post","type-post","status-publish","format-standard","has-post-thumbnail","hentry","category-geral"],"acf":[],"author_meta":{"display_name":"siteadmin","author_link":"https:\/\/sistemafamato.org.br\/senarmt\/author\/siteadmin\/"},"featured_img":"https:\/\/sistemafamato.org.br\/senarmt\/wp-content\/uploads\/sites\/2\/2016\/10\/14102016041420-300x158.jpg","coauthors":[],"tax_additional":{"categories":{"linked":["<a href=\"https:\/\/sistemafamato.org.br\/senarmt\/category\/geral\/\" class=\"advgb-post-tax-term\">Geral<\/a>"],"unlinked":["<span class=\"advgb-post-tax-term\">Geral<\/span>"]}},"comment_count":"0","relative_dates":{"created":"Publicado 10 anos atr\u00e1s","modified":"Atualizado 10 anos atr\u00e1s"},"absolute_dates":{"created":"Publicado em 14 de outubro de 2016","modified":"Atualizado em 14 de outubro de 2016"},"absolute_dates_time":{"created":"Publicado em 14 de outubro de 2016 16:14","modified":"Atualizado em 14 de outubro de 2016 16:14"},"featured_img_caption":"","series_order":"","_links":{"self":[{"href":"https:\/\/sistemafamato.org.br\/senarmt\/wp-json\/wp\/v2\/posts\/10041","targetHints":{"allow":["GET"]}}],"collection":[{"href":"https:\/\/sistemafamato.org.br\/senarmt\/wp-json\/wp\/v2\/posts"}],"about":[{"href":"https:\/\/sistemafamato.org.br\/senarmt\/wp-json\/wp\/v2\/types\/post"}],"author":[{"embeddable":true,"href":"https:\/\/sistemafamato.org.br\/senarmt\/wp-json\/wp\/v2\/users\/1"}],"replies":[{"embeddable":true,"href":"https:\/\/sistemafamato.org.br\/senarmt\/wp-json\/wp\/v2\/comments?post=10041"}],"version-history":[{"count":0,"href":"https:\/\/sistemafamato.org.br\/senarmt\/wp-json\/wp\/v2\/posts\/10041\/revisions"}],"wp:featuredmedia":[{"embeddable":true,"href":"https:\/\/sistemafamato.org.br\/senarmt\/wp-json\/wp\/v2\/media\/2815"}],"wp:attachment":[{"href":"https:\/\/sistemafamato.org.br\/senarmt\/wp-json\/wp\/v2\/media?parent=10041"}],"wp:term":[{"taxonomy":"category","embeddable":true,"href":"https:\/\/sistemafamato.org.br\/senarmt\/wp-json\/wp\/v2\/categories?post=10041"},{"taxonomy":"post_tag","embeddable":true,"href":"https:\/\/sistemafamato.org.br\/senarmt\/wp-json\/wp\/v2\/tags?post=10041"}],"curies":[{"name":"wp","href":"https:\/\/api.w.org\/{rel}","templated":true}]}}