{"id":10039,"date":"2016-10-11T16:10:25","date_gmt":"2016-10-11T19:10:25","guid":{"rendered":"https:\/\/sistemafamato.org.br\/senarmt\/2016\/10\/11\/cresce-2016-discutira-o-futuro-da-educacao\/"},"modified":"2016-10-11T16:10:25","modified_gmt":"2016-10-11T19:10:25","slug":"cresce-2016-discutira-o-futuro-da-educacao","status":"publish","type":"post","link":"https:\/\/sistemafamato.org.br\/senarmt\/2016\/10\/11\/cresce-2016-discutira-o-futuro-da-educacao\/","title":{"rendered":"CRESCE 2016 discutir\u00e1 o futuro da educa\u00e7\u00e3o"},"content":{"rendered":"<p>\nO Servi&ccedil;o Nacional de Aprendizagem Rural de Mato Grosso (SENAR-MT) realiza no pr&oacute;ximo dia 11 de novembro o Cresce-MT. Na primeira edi&ccedil;&atilde;o que aconteceu em 2015, o evento teve como foco principal a import&acirc;ncia da educa&ccedil;&atilde;o na mudan&ccedil;a da pol&iacute;tica, da economia e no desenvolvimento da sociedade. J&aacute; para 2016 o tema est&aacute; voltado para o futuro da educa&ccedil;&atilde;o.<\/p>\n<p>\n&nbsp;<\/p>\n<p>\nA ideia &eacute; tratar dos novos modelos de educa&ccedil;&atilde;o, inova&ccedil;&atilde;o, novas tecnologias e do futuro da educa&ccedil;&atilde;o. Ser&aacute; um dia inteiro de discuss&otilde;es e troca de informa&ccedil;&otilde;es. H&aacute; muitos questionamentos que o SENAR-MT pretende colocar em pauta e fomentar a discuss&atilde;o e a troca de informa&ccedil;&atilde;o. Dentre eles, est&atilde;o os novos rumos que a educa&ccedil;&atilde;o deve seguir.<\/p>\n<p>\n&nbsp;<\/p>\n<p>\nEm 2015 o Cresce-MT aconteceu no m&ecirc;s de abril e o tema principal foi &ldquo;O poder transformador da educa&ccedil;&atilde;o&rdquo;. &nbsp;O objetivo deste evento &eacute; fomentar discuss&otilde;es sobre a import&acirc;ncia da educa&ccedil;&atilde;o em todos os setores. No ano passado foi abordado temas como o poder da educa&ccedil;&atilde;o de transformar a pol&iacute;tica e a economia de uma sociedade e, tamb&eacute;m a interfer&ecirc;ncia da educa&ccedil;&atilde;o na economia, na pol&iacute;tica e v&aacute;rios outros setores.<\/p>\n<p>\n&nbsp;<\/p>\n<p>\nA equipe organizadora trabalha a todo vapor para acertar os &uacute;ltimos detalhes da programa&ccedil;&atilde;o que ser&aacute; divulgada em breve. Reserve o dia 11 de novembro, em sua agenda e, fique de olho nos ve&iacute;culos de comunica&ccedil;&atilde;o do SENAR-MT para saber as novidades sobre o Cresce-MT.<\/p>\n<p>\n&nbsp;<\/p>\n<p>\nO Senar-MT faz parte de um conjunto de entidades que formam o Sistema Famato. Essas entidades d&atilde;o suporte para o desenvolvimento sustent&aacute;vel do agroneg&oacute;cio. &Eacute; formado ainda pela Famato, Imea e pelos 89 sindicatos rurais do Estado. O Senar est&aacute; no Facebook e no Instagram. Curta a Fan Page&nbsp;<a href=\"http:\/\/www.facebook.com\/SenarMt\">www.facebook.com\/SenarMt<\/a>&nbsp;e a conta @senar_mt.<\/p>\n<p>\n&nbsp;<\/p>\n","protected":false},"excerpt":{"rendered":"<p>O Servi&ccedil;o Nacional de Aprendizagem Rural de Mato Grosso (SENAR-MT) realiza no pr&oacute;ximo dia 11 de novembro o Cresce-MT. Na primeira edi&ccedil;&atilde;o que aconteceu em 2015, o evento teve como foco principal a import&acirc;ncia da educa&ccedil;&atilde;o na mudan&ccedil;a da pol&iacute;tica, da economia e no desenvolvimento da sociedade. J&aacute; para 2016 o tema est&aacute; voltado para [&hellip;]<\/p>\n","protected":false},"author":1,"featured_media":2811,"comment_status":"open","ping_status":"open","sticky":false,"template":"","format":"standard","meta":{"advgb_blocks_editor_width":"","advgb_blocks_columns_visual_guide":"","footnotes":""},"categories":[1],"tags":[],"class_list":["post-10039","post","type-post","status-publish","format-standard","has-post-thumbnail","hentry","category-geral"],"acf":[],"author_meta":{"display_name":"siteadmin","author_link":"https:\/\/sistemafamato.org.br\/senarmt\/author\/siteadmin\/"},"featured_img":"https:\/\/sistemafamato.org.br\/senarmt\/wp-content\/uploads\/sites\/2\/2016\/10\/11102016040750-300x201.jpg","coauthors":[],"tax_additional":{"categories":{"linked":["<a href=\"https:\/\/sistemafamato.org.br\/senarmt\/category\/geral\/\" class=\"advgb-post-tax-term\">Geral<\/a>"],"unlinked":["<span class=\"advgb-post-tax-term\">Geral<\/span>"]}},"comment_count":"0","relative_dates":{"created":"Publicado 10 anos atr\u00e1s","modified":"Atualizado 10 anos atr\u00e1s"},"absolute_dates":{"created":"Publicado em 11 de outubro de 2016","modified":"Atualizado em 11 de outubro de 2016"},"absolute_dates_time":{"created":"Publicado em 11 de outubro de 2016 16:10","modified":"Atualizado em 11 de outubro de 2016 16:10"},"featured_img_caption":"","series_order":"","_links":{"self":[{"href":"https:\/\/sistemafamato.org.br\/senarmt\/wp-json\/wp\/v2\/posts\/10039","targetHints":{"allow":["GET"]}}],"collection":[{"href":"https:\/\/sistemafamato.org.br\/senarmt\/wp-json\/wp\/v2\/posts"}],"about":[{"href":"https:\/\/sistemafamato.org.br\/senarmt\/wp-json\/wp\/v2\/types\/post"}],"author":[{"embeddable":true,"href":"https:\/\/sistemafamato.org.br\/senarmt\/wp-json\/wp\/v2\/users\/1"}],"replies":[{"embeddable":true,"href":"https:\/\/sistemafamato.org.br\/senarmt\/wp-json\/wp\/v2\/comments?post=10039"}],"version-history":[{"count":0,"href":"https:\/\/sistemafamato.org.br\/senarmt\/wp-json\/wp\/v2\/posts\/10039\/revisions"}],"wp:featuredmedia":[{"embeddable":true,"href":"https:\/\/sistemafamato.org.br\/senarmt\/wp-json\/wp\/v2\/media\/2811"}],"wp:attachment":[{"href":"https:\/\/sistemafamato.org.br\/senarmt\/wp-json\/wp\/v2\/media?parent=10039"}],"wp:term":[{"taxonomy":"category","embeddable":true,"href":"https:\/\/sistemafamato.org.br\/senarmt\/wp-json\/wp\/v2\/categories?post=10039"},{"taxonomy":"post_tag","embeddable":true,"href":"https:\/\/sistemafamato.org.br\/senarmt\/wp-json\/wp\/v2\/tags?post=10039"}],"curies":[{"name":"wp","href":"https:\/\/api.w.org\/{rel}","templated":true}]}}