{"id":10038,"date":"2016-10-11T14:59:14","date_gmt":"2016-10-11T17:59:14","guid":{"rendered":"https:\/\/sistemafamato.org.br\/senarmt\/2016\/10\/11\/programas-do-senar-mt-atendem-milhares-de-criancas-em-todo-o-estado\/"},"modified":"2016-10-11T14:59:14","modified_gmt":"2016-10-11T17:59:14","slug":"programas-do-senar-mt-atendem-milhares-de-criancas-em-todo-o-estado","status":"publish","type":"post","link":"https:\/\/sistemafamato.org.br\/senarmt\/2016\/10\/11\/programas-do-senar-mt-atendem-milhares-de-criancas-em-todo-o-estado\/","title":{"rendered":"Programas do SENAR-MT atendem milhares de crian\u00e7as  em todo o Estado"},"content":{"rendered":"<p style=\"text-align: justify;\">\n&#8220;Eu vi vaca, bezerrinho, galinha, um monte de planta. Consegui tirar leite. Foi muito bom&#8221;, comemora a pequena Poliana Tavares Dias, de sete anos.<\/p>\n<p style=\"text-align: justify;\">\n\u00a0<\/p>\n<p style=\"text-align: justify;\">\n&#8220;O que eu mais gostei foram as mini vacas pois nunca havia visto pessoalmente, s\u00f3 pela televis\u00e3o&#8221;, conta a animada Amanda Silva de Oliveira, de oito anos.<\/p>\n<p style=\"text-align: justify;\">\n\u00a0<\/p>\n<p style=\"text-align: justify;\">\nEstes s\u00e3o apenas alguns relatos dos pequenos que j\u00e1 participaram do programa Filhos no Campo, realizado pelo Servi\u00e7o Nacional de Aprendizagem Rural de Mato Grosso (SENAR-MT) desde 2012.<\/p>\n<p style=\"text-align: justify;\">\n\u00a0<\/p>\n<p style=\"text-align: justify;\">\nAl\u00e9m deste, o SENAR-MT conta com mais dois programas voltados para as crian\u00e7as e que est\u00e3o inseridos em um dos pilares da institui\u00e7\u00e3o de ensino rural que \u00e9 a promo\u00e7\u00e3o social. S\u00e3o eles a Equoterapia e o Cine Senar.<\/p>\n<p style=\"text-align: justify;\">\n\u00a0<\/p>\n<p style=\"text-align: justify;\">\nO programa Filhos no Campo trabalha com crian\u00e7as de 07 a 12 anos. Realiza atividades de car\u00e1ter educativo e recreativo contribuindo para o desenvolvimento social e cultural das crian\u00e7as, proporcionando a elas o conhecimento da realidade dos modelos de produ\u00e7\u00e3o agropecu\u00e1ria do estado, despertando o interesse e vivenciando o dia a dia de uma propriedade rural que produz alimentos.<br \/>\n\u00a0<\/p>\n<p style=\"text-align: justify;\">\nNeste ano, at\u00e9 o m\u00eas de setembro, o n\u00famero de crian\u00e7as atendidas no Filhos no Campo chegou a 634. Ainda est\u00e3o programados mais 50 eventos do programa at\u00e9 o final do ano.<\/p>\n<p style=\"text-align: justify;\">\n\u00a0<\/p>\n<p style=\"text-align: justify;\">\n<strong>Equoterapia<\/strong><br \/>\n\u00c9 um m\u00e9todo terap\u00eautico e educacional que utiliza o cavalo dentro de uma abordagem interdisciplinar, nas \u00e1reas de sa\u00fade, educa\u00e7\u00e3o e equita\u00e7\u00e3o, buscando o desenvolvimento biopsicossocial de pessoas com defici\u00eancia e\/ou com necessidades especiais.<\/p>\n<p style=\"text-align: justify;\">\n\u00a0<\/p>\n<p style=\"text-align: justify;\">\nO programa Equoterapia existe desde 2005 e conta com 16 parceiros em todo o Estado. Em 2016 at\u00e9 setembro j\u00e1 foram 7514 atendimentos realizados e os resultados s\u00e3o muito animadores.<\/p>\n<p style=\"text-align: justify;\">\n\u00a0<\/p>\n<p style=\"text-align: justify;\">\n&#8220;Temos casos de crian\u00e7as que chegaram aqui sem andar e hoje j\u00e1 d\u00e3o passos firmes. A evolu\u00e7\u00e3o \u00e9 tanto f\u00edsica quanto comportamental&#8221;, conta a instrutora credenciada junto do SENAR-MT, Viviane Segatto, que atende 25 crian\u00e7as em Sapezal, onde o programa \u00e9 realizado em parceria com a APAE.<\/p>\n<p style=\"text-align: justify;\">\n\u00a0<\/p>\n<p style=\"text-align: justify;\">\n<strong>Cinema<\/strong><br \/>\nOutro programa especial do SENAR-MT que tamb\u00e9m tem como p\u00fablico as crian\u00e7as \u00e9 o Cine Senar. Neste ano j\u00e1 foram realizados eventos em 57 munic\u00edpios e outros 28 ainda ir\u00e3o receber o evento at\u00e9 o final do ano. Os filmes exibidos s\u00e3o anima\u00e7\u00f5es, que fazem a alegria da garotada. Al\u00e9m disso, tem bal\u00e3o, pipoca e brincadeiras para os pequenos.<\/p>\n<p style=\"text-align: justify;\">\n<br \/>\nO superintendente do SENAR-MT, Ot\u00e1vio Celidonio, destaca que este olhar para as crian\u00e7as contribui para transformar vidas e formar cidad\u00e3os mais conscientes. \u201c\u00c9 um dos nossos objetivos oferecer, al\u00e9m de conhecimento, a promo\u00e7\u00e3o social das comunidades rurais. E inserir as crian\u00e7as neste contexto \u00e9 fundamental\u201d.<\/p>\n<p style=\"text-align: justify;\">\n<br \/>\nO Senar-MT faz parte de um conjunto de entidades que forma o Sistema Famato. Essas entidades d\u00e3o suporte para o desenvolvimento sustent\u00e1vel do agroneg\u00f3cio e representam os interesses dos produtores rurais do Estado. \u00c9 formado ainda pela Federa\u00e7\u00e3o da Agricultura e Pecu\u00e1ria do Estado de Mato Grosso (Famato), pelo Instituto Mato-Grossense de Economia Agropecu\u00e1ria (Imea) e pelos 90 Sindicatos Rurais do Estado. O Senar est\u00e1 no Twitter e no Facebook. Siga\u00a0<a href=\"https:\/\/twitter.com\/senar_mt\">@senar_mt<\/a>\u00a0e curta a Fan Page (<a href=\"http:\/\/www.facebook.com\/SenarMt\">www.facebook.com\/SenarMt<\/a>).<\/p>\n","protected":false},"excerpt":{"rendered":"<p>&#8220;Eu vi vaca, bezerrinho, galinha, um monte de planta. Consegui tirar leite. Foi muito bom&#8221;, comemora a pequena Poliana Tavares Dias, de sete anos. \u00a0 &#8220;O que eu mais gostei foram as mini vacas pois nunca havia visto pessoalmente, s\u00f3 pela televis\u00e3o&#8221;, conta a animada Amanda Silva de Oliveira, de oito anos. \u00a0 Estes s\u00e3o [&hellip;]<\/p>\n","protected":false},"author":1,"featured_media":2809,"comment_status":"open","ping_status":"open","sticky":false,"template":"","format":"standard","meta":{"advgb_blocks_editor_width":"","advgb_blocks_columns_visual_guide":"","footnotes":""},"categories":[1],"tags":[],"class_list":["post-10038","post","type-post","status-publish","format-standard","has-post-thumbnail","hentry","category-geral"],"acf":[],"author_meta":{"display_name":"siteadmin","author_link":"https:\/\/sistemafamato.org.br\/senarmt\/author\/siteadmin\/"},"featured_img":"https:\/\/sistemafamato.org.br\/senarmt\/wp-content\/uploads\/sites\/2\/2016\/10\/11102016025900-300x200.jpg","coauthors":[],"tax_additional":{"categories":{"linked":["<a href=\"https:\/\/sistemafamato.org.br\/senarmt\/category\/geral\/\" class=\"advgb-post-tax-term\">Geral<\/a>"],"unlinked":["<span class=\"advgb-post-tax-term\">Geral<\/span>"]}},"comment_count":"0","relative_dates":{"created":"Publicado 10 anos atr\u00e1s","modified":"Atualizado 10 anos atr\u00e1s"},"absolute_dates":{"created":"Publicado em 11 de outubro de 2016","modified":"Atualizado em 11 de outubro de 2016"},"absolute_dates_time":{"created":"Publicado em 11 de outubro de 2016 14:59","modified":"Atualizado em 11 de outubro de 2016 14:59"},"featured_img_caption":"","series_order":"","_links":{"self":[{"href":"https:\/\/sistemafamato.org.br\/senarmt\/wp-json\/wp\/v2\/posts\/10038","targetHints":{"allow":["GET"]}}],"collection":[{"href":"https:\/\/sistemafamato.org.br\/senarmt\/wp-json\/wp\/v2\/posts"}],"about":[{"href":"https:\/\/sistemafamato.org.br\/senarmt\/wp-json\/wp\/v2\/types\/post"}],"author":[{"embeddable":true,"href":"https:\/\/sistemafamato.org.br\/senarmt\/wp-json\/wp\/v2\/users\/1"}],"replies":[{"embeddable":true,"href":"https:\/\/sistemafamato.org.br\/senarmt\/wp-json\/wp\/v2\/comments?post=10038"}],"version-history":[{"count":0,"href":"https:\/\/sistemafamato.org.br\/senarmt\/wp-json\/wp\/v2\/posts\/10038\/revisions"}],"wp:featuredmedia":[{"embeddable":true,"href":"https:\/\/sistemafamato.org.br\/senarmt\/wp-json\/wp\/v2\/media\/2809"}],"wp:attachment":[{"href":"https:\/\/sistemafamato.org.br\/senarmt\/wp-json\/wp\/v2\/media?parent=10038"}],"wp:term":[{"taxonomy":"category","embeddable":true,"href":"https:\/\/sistemafamato.org.br\/senarmt\/wp-json\/wp\/v2\/categories?post=10038"},{"taxonomy":"post_tag","embeddable":true,"href":"https:\/\/sistemafamato.org.br\/senarmt\/wp-json\/wp\/v2\/tags?post=10038"}],"curies":[{"name":"wp","href":"https:\/\/api.w.org\/{rel}","templated":true}]}}