{"id":10035,"date":"2016-10-07T10:41:32","date_gmt":"2016-10-07T13:41:32","guid":{"rendered":"https:\/\/sistemafamato.org.br\/senarmt\/2016\/10\/07\/senar-mt-lanca-programa-boas-praticas-agropecuarias-durante-a-agropec\/"},"modified":"2016-10-07T10:41:32","modified_gmt":"2016-10-07T13:41:32","slug":"senar-mt-lanca-programa-boas-praticas-agropecuarias-durante-a-agropec","status":"publish","type":"post","link":"https:\/\/sistemafamato.org.br\/senarmt\/2016\/10\/07\/senar-mt-lanca-programa-boas-praticas-agropecuarias-durante-a-agropec\/","title":{"rendered":"SENAR-MT lan\u00e7a programa Boas Pr\u00e1ticas Agropecu\u00e1rias durante a Agropec"},"content":{"rendered":"<p style=\"text-align: justify;\">\nMunic&iacute;pio que det&eacute;m o maior rebanho bovino do Estado, com mais de um milh&atilde;o de animais, C&aacute;ceres foi escolhida para sediar o lan&ccedil;amento do novo programa do Servi&ccedil;o Nacional de Aprendizagem Rural de Mato Grosso (SENAR-MT), o Boas Pr&aacute;ticas Agropecu&aacute;rias (BPA). O lan&ccedil;amento foi feito pelo superintendente da institui&ccedil;&atilde;o, Ot&aacute;vio Celidonio, durante a I Agrotec &#8211; Feira Tecnol&oacute;gica de C&aacute;ceres, na quinta-feira (06.10).<\/p>\n<p style=\"text-align: justify;\">\n&nbsp;<\/p>\n<p style=\"text-align: justify;\">\nO BPA &eacute; voltado para a cadeia da bovinocultura de corte e visa capacitar trabalhadores e produtores rurais desta cadeia produtiva, tornando os sistemas de produ&ccedil;&atilde;o mais eficientes e rent&aacute;veis, al&eacute;m de disponibilizar para o mercado consumidor um alimento seguro e produzido de forma sustent&aacute;vel.<\/p>\n<p style=\"text-align: justify;\">\n&nbsp;<\/p>\n<p style=\"text-align: justify;\">\nO foco s&atilde;o empresas rurais que querem tornar seu sistema de produ&ccedil;&atilde;o mais rent&aacute;vel e competitivo. Podem participar produtores rurais, gerentes de fazendas e\/ou encarregados. A carga hor&aacute;ria &eacute; de 116 horas, divididos em sete m&oacute;dulos. &nbsp;<\/p>\n<p style=\"text-align: justify;\">\n&nbsp;<\/p>\n<p style=\"text-align: justify;\">\nDentro da programa&ccedil;&atilde;o do BPA ser&atilde;o abordados temas voltados &agrave; gest&atilde;o econ&ocirc;mica e financeira da propriedade, obriga&ccedil;&otilde;es sociais, trabalhistas, sa&uacute;de e seguran&ccedil;a no trabalho, gest&atilde;o ambiental, instala&ccedil;&otilde;es rurais, manejo e bons tratos na produ&ccedil;&atilde;o animal, forma&ccedil;&atilde;o e manejo de pastagens, suplementa&ccedil;&atilde;o alimentar, identifica&ccedil;&atilde;o animal e rastreamento, controle sanit&aacute;rio e manejo reprodutivo.<\/p>\n<p style=\"text-align: justify;\">\n&nbsp;<\/p>\n<p style=\"text-align: justify;\">\nO programa estar&aacute; dispon&iacute;vel para ser demandado pelos Sindicatos Rurais de Mato Grosso para o pr&oacute;ximo ano. C&aacute;ceres j&aacute; tem uma turma confirmada para o pr&oacute;ximo ano. &nbsp;<\/p>\n<p style=\"text-align: justify;\">\n<br \/>\nSegundo o superintendente do SENAR-MT, Ot&aacute;vio Celidonio, o BPA &eacute; um programa com a cara do futuro, justamente porque trata os principais assuntos que uma propriedade precisa para ter uma boa governan&ccedil;a. &quot;&Eacute; uma novidade pois alia capacita&ccedil;&atilde;o e consultoria. Cada m&oacute;dulo trata de um assunto e conta com uma consultoria individual, por propriedade. Ao final, os participantes ter&atilde;o que apresentar os resultados alcan&ccedil;ados e conferir assim a evolu&ccedil;&atilde;o que o programa possibilitou em sua propriedade&quot;, destacou Celidonio.<\/p>\n<p style=\"text-align: justify;\">\n&nbsp;<\/p>\n<p style=\"text-align: justify;\">\nPara o pecuarista de C&aacute;ceres e presidente da comiss&atilde;o de Pecu&aacute;ria da Famato, Jo&atilde;o Oliveira Gouveia Neto, o programa ir&aacute; beneficiar muito a cadeia, j&aacute; que muitos pecuaristas ainda t&ecirc;m dificuldades quando se trata de gest&atilde;o. &quot;Vejo que na pecu&aacute;ria isso ainda &eacute; muito latente e este programa do SENAR-MT vem em boa hora&quot;.<\/p>\n<p style=\"text-align: justify;\">\n<br \/>\nA programa&ccedil;&atilde;o do SENAR-MT dentro da Agrotec continua neste final de semana com oficinas, palestras e vitrines. O evento acontece paralelamente &agrave; Expocaceres.<\/p>\n<p style=\"text-align: justify;\">\n<br \/>\nO Senar-MT faz parte de um conjunto de entidades que formam o Sistema Famato. Essas entidades d&atilde;o suporte para o desenvolvimento sustent&aacute;vel do agroneg&oacute;cio e representam os interesses dos produtores rurais do Estado. &Eacute; formado ainda pela Famato, Imea e pelos 90 Sindicatos Rurais do Estado. O Senar est&aacute; no Facebook e no Instagram. Curta a Fan Page&nbsp;<a href=\"http:\/\/www.facebook.com\/SenarMt\">www.facebook.com\/SenarMt<\/a>&nbsp; e a conta @senar_mt.&nbsp;<\/p>\n<p>\n<br \/>\n<strong>PROGRAMA&Ccedil;&Atilde;O<\/strong><br \/>\n&nbsp;<\/p>\n<p>\n<strong>07 de outubro &#8211; Sexta-feira<\/strong><br \/>\n07h30 &#8211; Oficina Filhos no Campo<br \/>\nLocal: Parque de Exposi&ccedil;&otilde;es<\/p>\n<p>\n08h &#8211; Oficina de Beneficiamento do Leite &#8211; Requeij&atilde;o Tradicional<br \/>\nLocal: N&uacute;cleo Avan&ccedil;ado de Capacita&ccedil;&atilde;o (NAC)<\/p>\n<p>\n08h &#8211; Oficina IN 62 &#8211; Qualidade do Leite<br \/>\nLocal: N&uacute;cleo Avan&ccedil;ado de Capacita&ccedil;&atilde;o (NAC)<\/p>\n<p>\n13h &#8211; Oficina Filhos no Campo<br \/>\nLocal: Parque de Exposi&ccedil;&otilde;es<\/p>\n<p>\n14h &#8211; Oficina de Controle Sanit&aacute;rio<br \/>\nLocal: N&uacute;cleo Avan&ccedil;ado de Capacita&ccedil;&atilde;o (NAC)<\/p>\n<p>\n14h30 &#8211; Palestra Intensifica&ccedil;&atilde;o da Pecu&aacute;ria de Corte em Mato Grosso com Rodrigo Pacheco<br \/>\nLocal: Audit&oacute;rio<\/p>\n<p>\n18h &#8211; Vitrine Cozinha Pantaneira<br \/>\nLocal: N&uacute;cleo Avan&ccedil;ado de Capacita&ccedil;&atilde;o (NAC)<br \/>\n&nbsp;<\/p>\n<p>\n<strong>08 de outubro &#8211; S&aacute;bado<\/strong><br \/>\n08h &#8211; Workshop de Doma Racional com Fernando Rolim<br \/>\nLocal: Parque de Exposi&ccedil;&otilde;es<\/p>\n<p>\n08h &#8211; Oficina de GTA Eletr&ocirc;nico<br \/>\nLocal: N&uacute;cleo Avan&ccedil;ado de Capacita&ccedil;&atilde;o (NAC)<\/p>\n<p>\n08h &#8211; Oficina de Beneficiamento do Leite &ndash; Doce Pastoso e Iogurte<br \/>\nLocal: N&uacute;cleo Avan&ccedil;ado de Capacita&ccedil;&atilde;o (NAC)<\/p>\n<p>\n14h &#8211; Oficina de Confec&ccedil;&atilde;o de Bolsas em Couro Bovino<br \/>\nLocal: N&uacute;cleo Avan&ccedil;ado de Capacita&ccedil;&atilde;o (NAC)<\/p>\n<p>\n14h30 &#8211; Palestra Leite a Pasto com Edmundo Benedetti<br \/>\nLocal: Audit&oacute;rio<\/p>\n<p>\n18h &#8211; Vitrine da Carne Bovina<br \/>\nLocal: N&uacute;cleo Avan&ccedil;ado de Capacita&ccedil;&atilde;o (NAC)<\/p>\n<p>\n<br \/>\n<strong>09 de outubro &#8211; Domingo<\/strong><br \/>\n08h &#8211; Oficina de Confec&ccedil;&atilde;o de Revestimento para Copos em Couro Bovino<br \/>\nLocal: N&uacute;cleo Avan&ccedil;ado de Capacita&ccedil;&atilde;o (NAC)<\/p>\n<p>\n14h &#8211; Oficina de Confec&ccedil;&atilde;o de Cintos em Couro Bovino<br \/>\nLocal: N&uacute;cleo Avan&ccedil;ado de Capacita&ccedil;&atilde;o (NAC)<\/p>\n<p>\n&nbsp;<\/p>\n","protected":false},"excerpt":{"rendered":"<p>Munic&iacute;pio que det&eacute;m o maior rebanho bovino do Estado, com mais de um milh&atilde;o de animais, C&aacute;ceres foi escolhida para sediar o lan&ccedil;amento do novo programa do Servi&ccedil;o Nacional de Aprendizagem Rural de Mato Grosso (SENAR-MT), o Boas Pr&aacute;ticas Agropecu&aacute;rias (BPA). O lan&ccedil;amento foi feito pelo superintendente da institui&ccedil;&atilde;o, Ot&aacute;vio Celidonio, durante a I Agrotec [&hellip;]<\/p>\n","protected":false},"author":1,"featured_media":2803,"comment_status":"open","ping_status":"open","sticky":false,"template":"","format":"standard","meta":{"advgb_blocks_editor_width":"","advgb_blocks_columns_visual_guide":"","footnotes":""},"categories":[1],"tags":[],"class_list":["post-10035","post","type-post","status-publish","format-standard","has-post-thumbnail","hentry","category-geral"],"acf":[],"author_meta":{"display_name":"siteadmin","author_link":"https:\/\/sistemafamato.org.br\/senarmt\/author\/siteadmin\/"},"featured_img":"https:\/\/sistemafamato.org.br\/senarmt\/wp-content\/uploads\/sites\/2\/2016\/10\/07102016104106-300x200.jpg","coauthors":[],"tax_additional":{"categories":{"linked":["<a href=\"https:\/\/sistemafamato.org.br\/senarmt\/category\/geral\/\" class=\"advgb-post-tax-term\">Geral<\/a>"],"unlinked":["<span class=\"advgb-post-tax-term\">Geral<\/span>"]}},"comment_count":"0","relative_dates":{"created":"Publicado 10 anos atr\u00e1s","modified":"Atualizado 10 anos atr\u00e1s"},"absolute_dates":{"created":"Publicado em 7 de outubro de 2016","modified":"Atualizado em 7 de outubro de 2016"},"absolute_dates_time":{"created":"Publicado em 7 de outubro de 2016 10:41","modified":"Atualizado em 7 de outubro de 2016 10:41"},"featured_img_caption":"","series_order":"","_links":{"self":[{"href":"https:\/\/sistemafamato.org.br\/senarmt\/wp-json\/wp\/v2\/posts\/10035","targetHints":{"allow":["GET"]}}],"collection":[{"href":"https:\/\/sistemafamato.org.br\/senarmt\/wp-json\/wp\/v2\/posts"}],"about":[{"href":"https:\/\/sistemafamato.org.br\/senarmt\/wp-json\/wp\/v2\/types\/post"}],"author":[{"embeddable":true,"href":"https:\/\/sistemafamato.org.br\/senarmt\/wp-json\/wp\/v2\/users\/1"}],"replies":[{"embeddable":true,"href":"https:\/\/sistemafamato.org.br\/senarmt\/wp-json\/wp\/v2\/comments?post=10035"}],"version-history":[{"count":0,"href":"https:\/\/sistemafamato.org.br\/senarmt\/wp-json\/wp\/v2\/posts\/10035\/revisions"}],"wp:featuredmedia":[{"embeddable":true,"href":"https:\/\/sistemafamato.org.br\/senarmt\/wp-json\/wp\/v2\/media\/2803"}],"wp:attachment":[{"href":"https:\/\/sistemafamato.org.br\/senarmt\/wp-json\/wp\/v2\/media?parent=10035"}],"wp:term":[{"taxonomy":"category","embeddable":true,"href":"https:\/\/sistemafamato.org.br\/senarmt\/wp-json\/wp\/v2\/categories?post=10035"},{"taxonomy":"post_tag","embeddable":true,"href":"https:\/\/sistemafamato.org.br\/senarmt\/wp-json\/wp\/v2\/tags?post=10035"}],"curies":[{"name":"wp","href":"https:\/\/api.w.org\/{rel}","templated":true}]}}