{"id":10024,"date":"2016-09-30T17:26:56","date_gmt":"2016-09-30T20:26:56","guid":{"rendered":"https:\/\/sistemafamato.org.br\/senarmt\/2016\/09\/30\/programa-boas-praticas-da-agropecuaria-sera-lancado-durante-i-agrotec\/"},"modified":"2016-09-30T17:26:56","modified_gmt":"2016-09-30T20:26:56","slug":"programa-boas-praticas-da-agropecuaria-sera-lancado-durante-i-agrotec","status":"publish","type":"post","link":"https:\/\/sistemafamato.org.br\/senarmt\/2016\/09\/30\/programa-boas-praticas-da-agropecuaria-sera-lancado-durante-i-agrotec\/","title":{"rendered":"Programa Boas Pr\u00e1ticas da Agropecu\u00e1ria ser\u00e1 lan\u00e7ado durante I Agrotec"},"content":{"rendered":"<p style=\"text-align: justify;\">\nO Servi\u00e7o Nacional de Aprendizagem Rural (SENAR-MT) vai lan\u00e7ar, durante a I Agrotec &#8211; Feira Tecnol\u00f3gica de C\u00e1ceres o programa Boas Pr\u00e1ticas da Agropecu\u00e1ria (PBA), que ocorre paralelamente \u00e0 Expoc\u00e1ceres de 05 a 09 de outubro. O lan\u00e7amento ser\u00e1 no dia 06 de outubro (quinta-feira) \u00e0s 14h30, no audit\u00f3rio do Parque de Exposi\u00e7\u00f5es.<\/p>\n<p style=\"text-align: justify;\">\n\u00a0<\/p>\n<p style=\"text-align: justify;\">\nO BPA \u00e9 voltado para a cadeia da bovinocultura de corte e visa capacitar trabalhadores e produtores rurais desta cadeia produtiva, tornando os sistemas de produ\u00e7\u00e3o mais eficientes e rent\u00e1veis, al\u00e9m de disponibilizar para o mercado consumidor um alimento seguro e produzido de forma sustent\u00e1vel.<\/p>\n<p style=\"text-align: justify;\">\n\u00a0<\/p>\n<p style=\"text-align: justify;\">\nDentro da programa\u00e7\u00e3o do BPA ser\u00e3o abordados temas voltados \u00e0 gest\u00e3o econ\u00f4mica e financeira da propriedade, obriga\u00e7\u00f5es sociais, trabalhistas, sa\u00fade e seguran\u00e7a no trabalho, gest\u00e3o ambiental, instala\u00e7\u00f5es rurais, manejo e bons tratos na produ\u00e7\u00e3o animal, forma\u00e7\u00e3o e manejo de pastagens, suplementa\u00e7\u00e3o alimentar, identifica\u00e7\u00e3o animal e rastreamento, controle sanit\u00e1rio e manejo reprodutivo.<\/p>\n<p style=\"text-align: justify;\">\n\u00a0<\/p>\n<p style=\"text-align: justify;\">\nO programa estar\u00e1 dispon\u00edvel para ser demandado pelos Sindicatos Rurais de Mato Grosso para o pr\u00f3ximo ano.<\/p>\n<p style=\"text-align: justify;\">\n\u00a0<\/p>\n<p style=\"text-align: justify;\">\n<strong>Novidades &#8211;<\/strong>\u00a0Al\u00e9m do lan\u00e7amento do BPA, outras novidades ser\u00e3o apresentadas durante o evento pelo SENAR-MT. Entre elas a Vitrine de Cozinha Pantaneira e a Oficina de Controle Sanit\u00e1rio Bovino.<\/p>\n<p style=\"text-align: justify;\">\n\u00a0<\/p>\n<p style=\"text-align: justify;\">\nTamb\u00e9m ser\u00e3o realizadas vitrines de Saladas e Entradas, Carne Bovina e Soja. Oficinas de Defensivos Naturais, Agricultura de Precis\u00e3o, Confec\u00e7\u00e3o de Bolsas e Cintos em Couro Bovino, Oficina de GTA Eletr\u00f4nico, Oficina de Beneficiamento de Pescado, Manuten\u00e7\u00e3o de Tratores, IN 62 \u2013 Qualidade do Leite, entre outras.<\/p>\n<p style=\"text-align: justify;\">\n\u00a0<\/p>\n<p style=\"text-align: justify;\">\nJ\u00e1 as palestras ter\u00e3o com o tema Desenvolvimento Agropecu\u00e1rio Sustent\u00e1vel, com Ricardo Arioli, Intensifica\u00e7\u00e3o da Pecu\u00e1ria de Corte em Mato Grosso, com Rodrigo Pacheco e Leite a Pasto, com Edmundo Benedetti.<\/p>\n<p>\n\u00a0<\/p>\n<p>\n<strong>PROGRAMA\u00c7\u00c3O<\/strong><\/p>\n<p>\n<strong>05 de outubro &#8211; Quarta-feira<\/strong><br \/>\n07h30 &#8211; Oficina Filhos no Campos<br \/>\nLocal: Parque de Exposi\u00e7\u00f5es<\/p>\n<p>\n13h &#8211; Oficina Filhos no Campo<br \/>\nLocal: Parque de Exposi\u00e7\u00f5es<\/p>\n<p>\n14h &#8211; Oficina de Defensivos Naturais<br \/>\nLocal: N\u00facleo Avan\u00e7ado de Capacita\u00e7\u00e3o (NAC)<\/p>\n<p>\n18h &#8211; Vitrine Entradas e Saladas<br \/>\nLocal: N\u00facleo Avan\u00e7ado de Capacita\u00e7\u00e3o (NAC)<br \/>\n\u00a0<\/p>\n<p>\n<strong>06 de outubro &#8211; Quinta-feira<\/strong><br \/>\n07h30 &#8211; Oficina Filhos no Campo<br \/>\nLocal: Parque de Exposi\u00e7\u00f5es<\/p>\n<p>\n08h &#8211; Oficina de Beneficiamento e Conserva\u00e7\u00e3o de Pescado<br \/>\nLocal: N\u00facleo Avan\u00e7ado de Capacita\u00e7\u00e3o (NAC)<\/p>\n<p>\n08h &#8211; Oficina de Manuten\u00e7\u00e3o de Tratores Agr\u00edcolas<br \/>\nLocal: N\u00facleo Avan\u00e7ado de Capacita\u00e7\u00e3o (NAC)<\/p>\n<p>\n13h &#8211; Oficina Filhos no Campo<br \/>\nLocal: Parque de Exposi\u00e7\u00f5es<\/p>\n<p>\n14h &#8211; Oficina de Agricultura de Precis\u00e3o<br \/>\nLocal: N\u00facleo Avan\u00e7ado de Capacita\u00e7\u00e3o (NAC)<\/p>\n<p>\n14h30 &#8211; Palestra Desenvolvimento Agropecu\u00e1rio Sustent\u00e1vel com Ricardo Arioli<br \/>\nLocal: Audit\u00f3rio<\/p>\n<p>\n16h &#8211; Lan\u00e7amento do Programa Boas Pr\u00e1ticas Agropecu\u00e1rias<br \/>\nLocal: Audit\u00f3rio<\/p>\n<p>\n18h &#8211; Vitrine Cozinha Soja Experimental<br \/>\nLocal: N\u00facleo Avan\u00e7ado de Capacita\u00e7\u00e3o (NAC)<br \/>\n\u00a0<\/p>\n<p>\n<strong>07 de outubro &#8211; Sexta-feira<\/strong><br \/>\n07h30 &#8211; Oficina Filhos no Campo<br \/>\nLocal: Parque de Exposi\u00e7\u00f5es<\/p>\n<p>\n08h &#8211; Oficina de Beneficiamento do Leite &#8211; Requeij\u00e3o Tradicional<br \/>\nLocal: N\u00facleo Avan\u00e7ado de Capacita\u00e7\u00e3o (NAC)<\/p>\n<p>\n08h &#8211; Oficina IN 62 &#8211; Qualidade do Leite<br \/>\nLocal: N\u00facleo Avan\u00e7ado de Capacita\u00e7\u00e3o (NAC)<\/p>\n<p>\n13h &#8211; Oficina Filhos no Campo<br \/>\nLocal: Parque de Exposi\u00e7\u00f5es<\/p>\n<p>\n14h &#8211; Oficina de Controle Sanit\u00e1rio<br \/>\nLocal: N\u00facleo Avan\u00e7ado de Capacita\u00e7\u00e3o (NAC)<\/p>\n<p>\n14h30 &#8211; Palestra Intensifica\u00e7\u00e3o da Pecu\u00e1ria de Corte em Mato Grosso com Rodrigo Pacheco<br \/>\nLocal: Audit\u00f3rio<\/p>\n<p>\n18h &#8211; Vitrine Cozinha Pantaneira<br \/>\nLocal: N\u00facleo Avan\u00e7ado de Capacita\u00e7\u00e3o (NAC)<br \/>\n\u00a0<\/p>\n<p>\n<strong>08 de outubro &#8211; S\u00e1bado<\/strong><br \/>\n08h &#8211; Workshop de Doma Racional com Fernando Rolim<br \/>\nLocal: Parque de Exposi\u00e7\u00f5es<\/p>\n<p>\n08h &#8211; Oficina de GTA Eletr\u00f4nico<br \/>\nLocal: N\u00facleo Avan\u00e7ado de Capacita\u00e7\u00e3o (NAC)<\/p>\n<p>\n08h &#8211; Oficina de Beneficiamento do Leite \u2013 Doce Pastoso e Iogurte<br \/>\nLocal: N\u00facleo Avan\u00e7ado de Capacita\u00e7\u00e3o (NAC)<\/p>\n<p>\n14h &#8211; Oficina de Confec\u00e7\u00e3o de Bolsas em Couro Bovino<br \/>\nLocal: N\u00facleo Avan\u00e7ado de Capacita\u00e7\u00e3o (NAC)<\/p>\n<p>\n14h30 &#8211; Palestra Leite a Pasto com Edmundo Benedetti<br \/>\nLocal: Audit\u00f3rio<\/p>\n<p>\n18h &#8211; Vitrine da Carne Bovina<br \/>\nLocal: N\u00facleo Avan\u00e7ado de Capacita\u00e7\u00e3o (NAC)<\/p>\n<p>\n<br \/>\n<strong>09 de outubro &#8211; Domingo<\/strong><br \/>\n08h \u2013 Oficina de Confec\u00e7\u00e3o de Revestimento para Copos em Couro Bovino<br \/>\nLocal: N\u00facleo Avan\u00e7ado de Capacita\u00e7\u00e3o (NAC)<\/p>\n<p>\n14h &#8211; Oficina de Confec\u00e7\u00e3o de Cintos em Couro Bovino<br \/>\nLocal: N\u00facleo Avan\u00e7ado de Capacita\u00e7\u00e3o (NAC)<\/p>\n","protected":false},"excerpt":{"rendered":"<p>O Servi\u00e7o Nacional de Aprendizagem Rural (SENAR-MT) vai lan\u00e7ar, durante a I Agrotec &#8211; Feira Tecnol\u00f3gica de C\u00e1ceres o programa Boas Pr\u00e1ticas da Agropecu\u00e1ria (PBA), que ocorre paralelamente \u00e0 Expoc\u00e1ceres de 05 a 09 de outubro. O lan\u00e7amento ser\u00e1 no dia 06 de outubro (quinta-feira) \u00e0s 14h30, no audit\u00f3rio do Parque de Exposi\u00e7\u00f5es. \u00a0 O [&hellip;]<\/p>\n","protected":false},"author":1,"featured_media":2781,"comment_status":"open","ping_status":"open","sticky":false,"template":"","format":"standard","meta":{"advgb_blocks_editor_width":"","advgb_blocks_columns_visual_guide":"","footnotes":""},"categories":[1],"tags":[],"class_list":["post-10024","post","type-post","status-publish","format-standard","has-post-thumbnail","hentry","category-geral"],"acf":[],"author_meta":{"display_name":"siteadmin","author_link":"https:\/\/sistemafamato.org.br\/senarmt\/author\/siteadmin\/"},"featured_img":"https:\/\/sistemafamato.org.br\/senarmt\/wp-content\/uploads\/sites\/2\/2016\/09\/30092016052554-300x200.jpg","coauthors":[],"tax_additional":{"categories":{"linked":["<a href=\"https:\/\/sistemafamato.org.br\/senarmt\/category\/geral\/\" class=\"advgb-post-tax-term\">Geral<\/a>"],"unlinked":["<span class=\"advgb-post-tax-term\">Geral<\/span>"]}},"comment_count":"0","relative_dates":{"created":"Publicado 10 anos atr\u00e1s","modified":"Atualizado 10 anos atr\u00e1s"},"absolute_dates":{"created":"Publicado em 30 de setembro de 2016","modified":"Atualizado em 30 de setembro de 2016"},"absolute_dates_time":{"created":"Publicado em 30 de setembro de 2016 17:26","modified":"Atualizado em 30 de setembro de 2016 17:26"},"featured_img_caption":"","series_order":"","_links":{"self":[{"href":"https:\/\/sistemafamato.org.br\/senarmt\/wp-json\/wp\/v2\/posts\/10024","targetHints":{"allow":["GET"]}}],"collection":[{"href":"https:\/\/sistemafamato.org.br\/senarmt\/wp-json\/wp\/v2\/posts"}],"about":[{"href":"https:\/\/sistemafamato.org.br\/senarmt\/wp-json\/wp\/v2\/types\/post"}],"author":[{"embeddable":true,"href":"https:\/\/sistemafamato.org.br\/senarmt\/wp-json\/wp\/v2\/users\/1"}],"replies":[{"embeddable":true,"href":"https:\/\/sistemafamato.org.br\/senarmt\/wp-json\/wp\/v2\/comments?post=10024"}],"version-history":[{"count":0,"href":"https:\/\/sistemafamato.org.br\/senarmt\/wp-json\/wp\/v2\/posts\/10024\/revisions"}],"wp:featuredmedia":[{"embeddable":true,"href":"https:\/\/sistemafamato.org.br\/senarmt\/wp-json\/wp\/v2\/media\/2781"}],"wp:attachment":[{"href":"https:\/\/sistemafamato.org.br\/senarmt\/wp-json\/wp\/v2\/media?parent=10024"}],"wp:term":[{"taxonomy":"category","embeddable":true,"href":"https:\/\/sistemafamato.org.br\/senarmt\/wp-json\/wp\/v2\/categories?post=10024"},{"taxonomy":"post_tag","embeddable":true,"href":"https:\/\/sistemafamato.org.br\/senarmt\/wp-json\/wp\/v2\/tags?post=10024"}],"curies":[{"name":"wp","href":"https:\/\/api.w.org\/{rel}","templated":true}]}}