{"id":10020,"date":"2016-09-28T17:15:45","date_gmt":"2016-09-28T20:15:45","guid":{"rendered":"https:\/\/sistemafamato.org.br\/senarmt\/2016\/09\/28\/programa-mulheres-empreendedoras-rurais-inicia-seis-turmas-em-outubro\/"},"modified":"2016-09-28T17:15:45","modified_gmt":"2016-09-28T20:15:45","slug":"programa-mulheres-empreendedoras-rurais-inicia-seis-turmas-em-outubro","status":"publish","type":"post","link":"https:\/\/sistemafamato.org.br\/senarmt\/2016\/09\/28\/programa-mulheres-empreendedoras-rurais-inicia-seis-turmas-em-outubro\/","title":{"rendered":"Programa Mulheres Empreendedoras Rurais inicia seis turmas em outubro"},"content":{"rendered":"<p style=\"text-align: justify;\">\nPara capacitar mulheres na gest\u00e3o de neg\u00f3cios agropecu\u00e1rios com enfoque em empreendedorismo e lideran\u00e7a, o Servi\u00e7o Nacional de Aprendizagem Rural (SENAR-MT), formatou o programa &#8220;Mulheres Empreendedoras Rurais&#8221;. As seis primeiras turmas ter\u00e3o in\u00edcio no m\u00eas de outubro nos munic\u00edpios de Porto Alegre do Norte, Canabrava do Norte, \u00c1gua Boa, Terra Nova do Norte e Campo Novo do Parecis.<\/p>\n<p style=\"text-align: justify;\">\n\u00a0<\/p>\n<p style=\"text-align: justify;\">\nA ideia do programa surgiu ap\u00f3s a institui\u00e7\u00e3o de ensino perceber o crescimento na participa\u00e7\u00e3o das mulheres nos programas Academia de Lideran\u00e7a e Sucess\u00e3o Familiar. Tem crescido tamb\u00e9m a participa\u00e7\u00e3o delas na lideran\u00e7a dos Sindicatos Rurais de Mato Grosso. Dos 90 sindicatos do Estado, atualmente quatro s\u00e3o presididos por mulheres e nas \u00faltimas gest\u00f5es mais tr\u00eas ocuparam essa fun\u00e7\u00e3o.\u00a0<\/p>\n<p style=\"text-align: justify;\">\n\u00a0<\/p>\n<p style=\"text-align: justify;\">\n&#8220;Entre 2011 e 2014 cresceu 20% o n\u00famero de mulheres que participaram da Academia de Lideran\u00e7a e entre 2012 e 2015 e subiu 109% a participa\u00e7\u00e3o delas no Sucess\u00e3o Familiar&#8221;, destaca a analista de Projetos T\u00e9cnicos do SENAR-MT, Juliana Mardegan Ferreira.<\/p>\n<p style=\"text-align: justify;\">\n\u00a0<\/p>\n<p style=\"text-align: justify;\">\nUm exemplo de mulher empreendedora rural \u00e9 a presidente do Sindicato Rural de Campo Novo do Parecis, Giovana Velke.\u00a0Filha de produtor rural, a jovem de 33 anos \u00e9 a mais velha das tr\u00eas irm\u00e3s e j\u00e1 ingressou nos neg\u00f3cios da fam\u00edlia. Formada e p\u00f3s-graduada em administra\u00e7\u00e3o, hoje ela \u00e9 a respons\u00e1vel pela gest\u00e3o financeira e pessoal da propriedade da fam\u00edlia que produz soja, milho, milho pipoca, girassol e\u00a0crotal\u00e1ria.\u00a0<\/p>\n<p style=\"text-align: justify;\">\n\u00a0<\/p>\n<p style=\"text-align: justify;\">\nGiovana n\u00e3o \u00e9 a \u00fanica mulher na diretoria do sindicato, ela levou consigo mais seis mulheres. &#8220;Nosso sindicato \u00e9 o mais feminino de Mato Grosso. Pretendemos durante a nossa gest\u00e3o mostrar para as mulheres o quanto elas s\u00e3o essenciais para o fortalecimento da classe produtora e do sistema sindical&#8221;.<\/p>\n<p style=\"text-align: justify;\">\n\u00a0<\/p>\n<p style=\"text-align: justify;\">\n<strong>Informa\u00e7\u00f5es &#8211;<\/strong> O programa \u00e9 totalmente gratuito e destinado a mulheres acima de 16 anos, com escolaridade m\u00ednima do 5\u00b0 ano do ensino fundamental. S\u00e3o 20 vagas por turma e cinco m\u00f3dulos de oito horas cada, totalizando 40 horas: empreendedorismo e diagn\u00f3stico da propriedade; gest\u00e3o financeira; planejamento do neg\u00f3cio e legisla\u00e7\u00e3o e lideran\u00e7a. Os interessados devem procurar o Sindicato Rural do seu munic\u00edpio para saber se h\u00e1 turmas e vagas abertas.<\/p>\n<p style=\"text-align: justify;\">\n\u00a0<\/p>\n<p style=\"text-align: justify;\">\nO Senar-MT faz parte de um conjunto de entidades que formam o Sistema Famato. Essas entidades d\u00e3o suporte para o desenvolvimento sustent\u00e1vel do agroneg\u00f3cio e representam os interesses dos produtores rurais do Estado. \u00c9 formado ainda pela Famato, Imea e pelos 90 Sindicatos Rurais do Estado. O Senar est\u00e1 no Facebook e no Instagram. Curta a Fan Page <a href=\"http:\/\/www.facebook.com\/SenarMt\">www.facebook.com\/SenarMt<\/a>\u00a0 e a conta @senar_mt.\u00a0<\/p>\n","protected":false},"excerpt":{"rendered":"<p>Para capacitar mulheres na gest\u00e3o de neg\u00f3cios agropecu\u00e1rios com enfoque em empreendedorismo e lideran\u00e7a, o Servi\u00e7o Nacional de Aprendizagem Rural (SENAR-MT), formatou o programa &#8220;Mulheres Empreendedoras Rurais&#8221;. As seis primeiras turmas ter\u00e3o in\u00edcio no m\u00eas de outubro nos munic\u00edpios de Porto Alegre do Norte, Canabrava do Norte, \u00c1gua Boa, Terra Nova do Norte e Campo [&hellip;]<\/p>\n","protected":false},"author":1,"featured_media":2773,"comment_status":"open","ping_status":"open","sticky":false,"template":"","format":"standard","meta":{"advgb_blocks_editor_width":"","advgb_blocks_columns_visual_guide":"","footnotes":""},"categories":[1],"tags":[],"class_list":["post-10020","post","type-post","status-publish","format-standard","has-post-thumbnail","hentry","category-geral"],"acf":[],"author_meta":{"display_name":"siteadmin","author_link":"https:\/\/sistemafamato.org.br\/senarmt\/author\/siteadmin\/"},"featured_img":"https:\/\/sistemafamato.org.br\/senarmt\/wp-content\/uploads\/sites\/2\/2016\/09\/28092016051511-300x200.jpg","coauthors":[],"tax_additional":{"categories":{"linked":["<a href=\"https:\/\/sistemafamato.org.br\/senarmt\/category\/geral\/\" class=\"advgb-post-tax-term\">Geral<\/a>"],"unlinked":["<span class=\"advgb-post-tax-term\">Geral<\/span>"]}},"comment_count":"0","relative_dates":{"created":"Publicado 10 anos atr\u00e1s","modified":"Atualizado 10 anos atr\u00e1s"},"absolute_dates":{"created":"Publicado em 28 de setembro de 2016","modified":"Atualizado em 28 de setembro de 2016"},"absolute_dates_time":{"created":"Publicado em 28 de setembro de 2016 17:15","modified":"Atualizado em 28 de setembro de 2016 17:15"},"featured_img_caption":"","series_order":"","_links":{"self":[{"href":"https:\/\/sistemafamato.org.br\/senarmt\/wp-json\/wp\/v2\/posts\/10020","targetHints":{"allow":["GET"]}}],"collection":[{"href":"https:\/\/sistemafamato.org.br\/senarmt\/wp-json\/wp\/v2\/posts"}],"about":[{"href":"https:\/\/sistemafamato.org.br\/senarmt\/wp-json\/wp\/v2\/types\/post"}],"author":[{"embeddable":true,"href":"https:\/\/sistemafamato.org.br\/senarmt\/wp-json\/wp\/v2\/users\/1"}],"replies":[{"embeddable":true,"href":"https:\/\/sistemafamato.org.br\/senarmt\/wp-json\/wp\/v2\/comments?post=10020"}],"version-history":[{"count":0,"href":"https:\/\/sistemafamato.org.br\/senarmt\/wp-json\/wp\/v2\/posts\/10020\/revisions"}],"wp:featuredmedia":[{"embeddable":true,"href":"https:\/\/sistemafamato.org.br\/senarmt\/wp-json\/wp\/v2\/media\/2773"}],"wp:attachment":[{"href":"https:\/\/sistemafamato.org.br\/senarmt\/wp-json\/wp\/v2\/media?parent=10020"}],"wp:term":[{"taxonomy":"category","embeddable":true,"href":"https:\/\/sistemafamato.org.br\/senarmt\/wp-json\/wp\/v2\/categories?post=10020"},{"taxonomy":"post_tag","embeddable":true,"href":"https:\/\/sistemafamato.org.br\/senarmt\/wp-json\/wp\/v2\/tags?post=10020"}],"curies":[{"name":"wp","href":"https:\/\/api.w.org\/{rel}","templated":true}]}}