{"id":10019,"date":"2016-09-28T11:52:16","date_gmt":"2016-09-28T14:52:16","guid":{"rendered":"https:\/\/sistemafamato.org.br\/senarmt\/2016\/09\/28\/canarana-teve-mais-de-80-pessoas-nas-palestras-e-30-nas-oficinas\/"},"modified":"2016-09-28T11:52:16","modified_gmt":"2016-09-28T14:52:16","slug":"canarana-teve-mais-de-80-pessoas-nas-palestras-e-30-nas-oficinas","status":"publish","type":"post","link":"https:\/\/sistemafamato.org.br\/senarmt\/2016\/09\/28\/canarana-teve-mais-de-80-pessoas-nas-palestras-e-30-nas-oficinas\/","title":{"rendered":"Canarana teve mais de 80 pessoas nas palestras e 30 nas oficinas"},"content":{"rendered":"<p style=\"text-align: justify;\">\nGest\u00e3o de Propriedade Rural. Este \u00e9 o tema central da Caravana Soja Brasil que est\u00e1 em Canarana, nesta ter\u00e7a (27.09) e quarta-feira (28.09). As palestras chamaram a aten\u00e7\u00e3o do produtor Adauto Antonio Sonza, de 61 anos. Ele conta que a sucess\u00e3o familiar \u00e9 necess\u00e1ria para que haja boa gest\u00e3o na propriedade. &#8220;N\u00f3s produtores mais antigos pensamos apenas em trabalhar e deixamos sempre a \u2018papelada\u2019 para depois. Nossos filhos est\u00e3o mais preocupados em fazer contas. Isso \u00e9 necess\u00e1rio para sabermos exatamente qual \u00e9 nosso custo de produ\u00e7\u00e3o&#8221;.<\/p>\n<p style=\"text-align: justify;\">\n\u00a0<\/p>\n<p style=\"text-align: justify;\">\nO produtor Rodrigo Piccinini, acrescenta que a qualifica\u00e7\u00e3o tamb\u00e9m \u00e9 importante para se fazer uma boa gest\u00e3o. &#8220;Temos muitas fazendas aqui na regi\u00e3o que t\u00eam as m\u00e1quinas modernas, mas falta o profissional qualificado para extrair tudo o que o equipamento oferece. Assim sendo, perde rentabilidade&#8221;. Piccinini acrescenta que uma boa gest\u00e3o pode solucionar todos estes problemas e ainda diminuir o custo de produ\u00e7\u00e3o.<\/p>\n<p style=\"text-align: justify;\">\n\u00a0<\/p>\n<p style=\"text-align: justify;\">\nTanto Sonza quanto Piccinini aproveitaram as palestras e oficinas do Soja Brasil para aprender mais sobre o assunto. &#8220;N\u00e3o perco as oportunidades de participar de eventos como este. Todos contribuem para a melhoria na administra\u00e7\u00e3o da propriedade. Tenho tr\u00eas filhos e s\u00f3 um deles trabalha no agroneg\u00f3cio. Estou aprendendo muito sobre gest\u00e3o com ele. Juntamos o conhecimento e a modernidade que ele tem com a minha experi\u00eancia e estamos progredindo&#8221;, destaca.<\/p>\n<p style=\"text-align: justify;\">\n\u00a0<\/p>\n<p style=\"text-align: justify;\">\nO superintendente do Servi\u00e7o Nacional de Aprendizagem Rural de Mato Grosso (SENAR-MT), Ot\u00e1vio Celidonio diz que a institui\u00e7\u00e3o oferece diversos treinamentos na \u00e1rea de gest\u00e3o para os produtores. &#8220;A gest\u00e3o \u00e9 necess\u00e1ria porque o produtor est\u00e1 se envolvendo cada vez mais com o uso de tecnologia nas propriedades. Uma coisa que est\u00e1 bem claro \u00e9 que o agricultor do futuro est\u00e1 cada vez menos agr\u00f4nomo e mais analista de dados. Entendemos que esse vai ser o grande diferencial e \u00e9 por isso que trazemos o tema gest\u00e3o de propriedades para o Soja Brasil&#8221;.<\/p>\n<p style=\"text-align: justify;\">\n\u00a0<\/p>\n<p style=\"text-align: justify;\">\nA Carrega Brasil tem sido o ponto de encontro dos produtores rurais nesta terceira semana. Em Quer\u00eancia reuniu mais de 90 pessoas nas palestras e 60 nas oficinas. Em Canarana, ao tema atraiu mais de 80 pessoas para as palestras no per\u00edodo da noite e mais de 30 nas oficinas.<\/p>\n<p style=\"text-align: justify;\">\n\u00a0<\/p>\n<p style=\"text-align: justify;\">\nO Soja Brasil \u00e9 considerada a maior expedi\u00e7\u00e3o por lavouras de soja j\u00e1 realizada no Brasil.\u00a0 Assim que o plantio da oleaginosa come\u00e7a, as equipes do SENAR-MT, Canal Rural e parceiros colocam o p\u00e9 na estrada para acompanhar todos os detalhes desde a prepara\u00e7\u00e3o do solo at\u00e9 o \u00faltimo gr\u00e3o colhido.\u00a0<\/p>\n<p style=\"text-align: justify;\">\n\u00a0<\/p>\n<p>\n<strong><u>3\u00ba SEMANA<\/u><\/strong><\/p>\n<p>\n\u00a0<\/p>\n<p>\n<strong><u>Ga\u00facha do Norte<\/u><\/strong><\/p>\n<p>\n27 de setembro<\/p>\n<p style=\"margin-left:35.4pt;\">\n19:00 &#8211; Gest\u00e3o de \u00edndices, custos e resultados<\/p>\n<p style=\"margin-left:70.8pt;\">\nPalestrante Alex Lopes da Silva<\/p>\n<p style=\"margin-left:35.4pt;\">\n20:00 &#8211; A sucess\u00e3o nas empresas rurais familiares<\/p>\n<p style=\"margin-left:70.8pt;\">\nPalestrantes Felipe Leal\/Charles Daneberg<\/p>\n<p>\n28 de setembro<\/p>\n<p style=\"margin-left:70.9pt;\">\n07:30 &#8211; Implanta\u00e7\u00e3o de indicadores de desempenho no controle do sistema de produ\u00e7\u00e3o<\/p>\n<p style=\"margin-left:70.8pt;\">\nInstrutor Carlos Guerreiro<\/p>\n<p style=\"margin-left:35.4pt;\">\n10:00 &#8211; Apresenta\u00e7\u00e3o software Refer\u00eancia (APROSOJA)<\/p>\n<p>\n<strong><u>\u00c1gua Boa<\/u><\/strong><\/p>\n<p>\n29 de setembro<\/p>\n<p style=\"margin-left:35.4pt;\">\n19:00 &#8211; Gest\u00e3o de \u00edndices, custos e resultados<\/p>\n<p style=\"margin-left:70.8pt;\">\nPalestrante Alex Lopes da Silva<\/p>\n<p style=\"margin-left:35.4pt;\">\n20:00 &#8211; A sucess\u00e3o nas empresas rurais familiares<\/p>\n<p style=\"margin-left:70.8pt;\">\nPalestrantes Felipe Leal\/Charles Daneberg<\/p>\n<p>\n30 de setembro<\/p>\n<p style=\"margin-left:70.9pt;\">\n07:30 &#8211; Implanta\u00e7\u00e3o de indicadores de desempenho no controle do sistema de produ\u00e7\u00e3o<\/p>\n<p style=\"margin-left:70.8pt;\">\nInstrutor Carlos Guerreiro<\/p>\n<p style=\"margin-left:35.4pt;\">\n10:00 &#8211; Apresenta\u00e7\u00e3o software Refer\u00eancia (APROSOJA)<\/p>\n<p style=\"margin-left:35.4pt;\">\n\u00a0<\/p>\n<p>\n<strong><u>Nova Xavantina<\/u><\/strong><\/p>\n<p>\n30 de setembro<\/p>\n<p style=\"margin-left:35.4pt;\">\n19:00 &#8211; Gest\u00e3o de \u00edndices, custos e resultados<\/p>\n<p style=\"margin-left:70.8pt;\">\nPalestrante Alex Lopes da Silva<\/p>\n<p style=\"margin-left:35.4pt;\">\n20:00 &#8211; A sucess\u00e3o nas empresas rurais familiares<\/p>\n<p style=\"margin-left:70.8pt;\">\nPalestrantes Felipe Leal\/Charles Daneberg<\/p>\n<p>\n01 de outubro<\/p>\n<p style=\"margin-left:35.4pt;\">\n07:30 &#8211; Implanta\u00e7\u00e3o de indicadores de desempenho no controle do sistema de produ\u00e7\u00e3o<\/p>\n<p style=\"margin-left:70.8pt;\">\nInstrutor Carlos Guerreiro<\/p>\n<p style=\"margin-left:35.4pt;\">\n10:00 &#8211; Apresenta\u00e7\u00e3o software Refer\u00eancia (APROSOJA)<\/p>\n<p>\n\u00a0<\/p>\n<p>\n<strong><u>4\u00ba SEMANA<\/u><\/strong><\/p>\n<p>\n<br \/>\n<strong><u>Paranatinga<\/u><\/strong><\/p>\n<p>\n03 de outubro<\/p>\n<p style=\"margin-left:35.4pt;\">\n19:00 &#8211; Gest\u00e3o de \u00edndices, custos e resultados<\/p>\n<p style=\"margin-left:70.8pt;\">\nPalestrante Gustavo Adolfo Aguiar<\/p>\n<p style=\"margin-left:70.8pt;\">\n20:00 &#8211; A sucess\u00e3o nas empresas rurais familiares<\/p>\n<p style=\"margin-left:70.8pt;\">\nPalestrantes Sandro Al Alam Elias<\/p>\n<p>\n04 de outubro<\/p>\n<p style=\"margin-left:70.9pt;\">\n07:30 &#8211; Implanta\u00e7\u00e3o de indicadores de desempenho no controle do sistema de produ\u00e7\u00e3o<\/p>\n<p style=\"margin-left:70.8pt;\">\nInstrutor Carlos Guerreiro<\/p>\n<p style=\"margin-left:35.4pt;\">\n10:00 &#8211; Apresenta\u00e7\u00e3o software Refer\u00eancia (APROSOJA)<\/p>\n<p style=\"margin-left:35.4pt;\">\n\u00a0<\/p>\n<p>\n<strong><u>Primavera do Leste<\/u><\/strong><\/p>\n<p>\n04 de outubro<\/p>\n<p style=\"margin-left:35.4pt;\">\n19:00 &#8211; Gest\u00e3o de \u00edndices, custos e resultados<\/p>\n<p style=\"margin-left:70.8pt;\">\nPalestrante Gustavo Adolfo Aguiar<\/p>\n<p style=\"margin-left:35.4pt;\">\n20:00 &#8211; A sucess\u00e3o nas empresas rurais familiares<\/p>\n<p style=\"margin-left:70.8pt;\">\nPalestrantes Sandro Al Alam Elias<\/p>\n<p>\n05 de outubro<\/p>\n<p style=\"margin-left:70.9pt;\">\n07:30 &#8211; Implanta\u00e7\u00e3o de indicadores de desempenho no controle do sistema de produ\u00e7\u00e3o<\/p>\n<p style=\"margin-left:70.8pt;\">\nInstrutor Carlos Guerreiro<\/p>\n<p style=\"margin-left:35.4pt;\">\n10:00 &#8211; Apresenta\u00e7\u00e3o software Refer\u00eancia (APROSOJA)<\/p>\n<p style=\"margin-left:35.4pt;\">\n\u00a0<\/p>\n<p>\n<strong><u>Jaciara<\/u><\/strong><\/p>\n<p>\n05 de outubro<\/p>\n<p style=\"margin-left:35.4pt;\">\n19:00 &#8211; Gest\u00e3o de \u00edndices, custos e resultados<\/p>\n<p style=\"margin-left:70.8pt;\">\nPalestrante Gustavo Adolfo Aguiar<\/p>\n<p style=\"margin-left:35.4pt;\">\n20:00 &#8211; A sucess\u00e3o nas empresas rurais familiares<\/p>\n<p style=\"margin-left:70.8pt;\">\nPalestrantes Sandro Al Alam Elias<\/p>\n<p>\n06 de outubro<\/p>\n<p style=\"margin-left:70.9pt;\">\n07:30 &#8211; Implanta\u00e7\u00e3o de indicadores de desempenho no controle do sistema de produ\u00e7\u00e3o<\/p>\n<p style=\"margin-left:70.8pt;\">\nInstrutor Carlos Guerreiro<\/p>\n<p style=\"margin-left:35.4pt;\">\n10:00 &#8211; Apresenta\u00e7\u00e3o software Refer\u00eancia (APROSOJA)<\/p>\n<p style=\"margin-left:35.4pt;\">\n\u00a0<\/p>\n<p>\n<strong><u>Alto Gar\u00e7as<\/u><\/strong><\/p>\n<p>\n06 de outubro<\/p>\n<p style=\"margin-left:35.4pt;\">\n19:00 &#8211; Gest\u00e3o de \u00edndices, custos e resultados<\/p>\n<p style=\"margin-left:70.8pt;\">\nPalestrante Gustavo Adolfo Aguiar<\/p>\n<p style=\"margin-left:35.4pt;\">\n20:00 &#8211; A sucess\u00e3o nas empresas rurais familiares<\/p>\n<p style=\"margin-left:70.8pt;\">\nPalestrantes Sandro Al Alam Elias<\/p>\n<p>\n07 de outubro<\/p>\n<p style=\"margin-left:70.9pt;\">\n07:30 &#8211; Implanta\u00e7\u00e3o de indicadores de desempenho no controle do sistema de produ\u00e7\u00e3o<\/p>\n<p style=\"margin-left:70.8pt;\">\nInstrutor Carlos Guerreiro<\/p>\n<p style=\"margin-left:35.4pt;\">\n10:00 &#8211; Apresenta\u00e7\u00e3o software Refer\u00eancia (APROSOJA)<\/p>\n","protected":false},"excerpt":{"rendered":"<p>Gest\u00e3o de Propriedade Rural. Este \u00e9 o tema central da Caravana Soja Brasil que est\u00e1 em Canarana, nesta ter\u00e7a (27.09) e quarta-feira (28.09). As palestras chamaram a aten\u00e7\u00e3o do produtor Adauto Antonio Sonza, de 61 anos. Ele conta que a sucess\u00e3o familiar \u00e9 necess\u00e1ria para que haja boa gest\u00e3o na propriedade. &#8220;N\u00f3s produtores mais antigos [&hellip;]<\/p>\n","protected":false},"author":1,"featured_media":2771,"comment_status":"open","ping_status":"open","sticky":false,"template":"","format":"standard","meta":{"advgb_blocks_editor_width":"","advgb_blocks_columns_visual_guide":"","footnotes":""},"categories":[1],"tags":[],"class_list":["post-10019","post","type-post","status-publish","format-standard","has-post-thumbnail","hentry","category-geral"],"acf":[],"author_meta":{"display_name":"siteadmin","author_link":"https:\/\/sistemafamato.org.br\/senarmt\/author\/siteadmin\/"},"featured_img":"https:\/\/sistemafamato.org.br\/senarmt\/wp-content\/uploads\/sites\/2\/2016\/09\/28092016115133-300x201.jpg","coauthors":[],"tax_additional":{"categories":{"linked":["<a href=\"https:\/\/sistemafamato.org.br\/senarmt\/category\/geral\/\" class=\"advgb-post-tax-term\">Geral<\/a>"],"unlinked":["<span class=\"advgb-post-tax-term\">Geral<\/span>"]}},"comment_count":"0","relative_dates":{"created":"Publicado 10 anos atr\u00e1s","modified":"Atualizado 10 anos atr\u00e1s"},"absolute_dates":{"created":"Publicado em 28 de setembro de 2016","modified":"Atualizado em 28 de setembro de 2016"},"absolute_dates_time":{"created":"Publicado em 28 de setembro de 2016 11:52","modified":"Atualizado em 28 de setembro de 2016 11:52"},"featured_img_caption":"","series_order":"","_links":{"self":[{"href":"https:\/\/sistemafamato.org.br\/senarmt\/wp-json\/wp\/v2\/posts\/10019","targetHints":{"allow":["GET"]}}],"collection":[{"href":"https:\/\/sistemafamato.org.br\/senarmt\/wp-json\/wp\/v2\/posts"}],"about":[{"href":"https:\/\/sistemafamato.org.br\/senarmt\/wp-json\/wp\/v2\/types\/post"}],"author":[{"embeddable":true,"href":"https:\/\/sistemafamato.org.br\/senarmt\/wp-json\/wp\/v2\/users\/1"}],"replies":[{"embeddable":true,"href":"https:\/\/sistemafamato.org.br\/senarmt\/wp-json\/wp\/v2\/comments?post=10019"}],"version-history":[{"count":0,"href":"https:\/\/sistemafamato.org.br\/senarmt\/wp-json\/wp\/v2\/posts\/10019\/revisions"}],"wp:featuredmedia":[{"embeddable":true,"href":"https:\/\/sistemafamato.org.br\/senarmt\/wp-json\/wp\/v2\/media\/2771"}],"wp:attachment":[{"href":"https:\/\/sistemafamato.org.br\/senarmt\/wp-json\/wp\/v2\/media?parent=10019"}],"wp:term":[{"taxonomy":"category","embeddable":true,"href":"https:\/\/sistemafamato.org.br\/senarmt\/wp-json\/wp\/v2\/categories?post=10019"},{"taxonomy":"post_tag","embeddable":true,"href":"https:\/\/sistemafamato.org.br\/senarmt\/wp-json\/wp\/v2\/tags?post=10019"}],"curies":[{"name":"wp","href":"https:\/\/api.w.org\/{rel}","templated":true}]}}