{"id":10018,"date":"2016-09-27T15:08:30","date_gmt":"2016-09-27T18:08:30","guid":{"rendered":"https:\/\/sistemafamato.org.br\/senarmt\/2016\/09\/27\/agrotec-comeca-na-proxima-quarta-feira-05-10-em-caceres\/"},"modified":"2016-09-27T15:08:30","modified_gmt":"2016-09-27T18:08:30","slug":"agrotec-comeca-na-proxima-quarta-feira-05-10-em-caceres","status":"publish","type":"post","link":"https:\/\/sistemafamato.org.br\/senarmt\/2016\/09\/27\/agrotec-comeca-na-proxima-quarta-feira-05-10-em-caceres\/","title":{"rendered":"Agrotec come\u00e7a na pr\u00f3xima quarta-feira (05.10) em C\u00e1ceres"},"content":{"rendered":"<p>\nCome&ccedil;a na pr&oacute;xima quarta-feira (05.10) a I Agrotec &#8211; Feira Tecnol&oacute;gica de C&aacute;ceres. O evento, que ocorre paralelamente &agrave; Expoc&aacute;ceres, segue at&eacute; o dia 09 de outubro e &eacute; uma realiza&ccedil;&atilde;o do Servi&ccedil;o Nacional de Aprendizagem Rural de Mato Grosso (SENAR-MT), Sindicato Rural e parceiros.<\/p>\n<p>\n&nbsp;<\/p>\n<p>\nA programa&ccedil;&atilde;o &eacute; totalmente gratuita. Ao todo ser&atilde;o 12 oficinas de capacita&ccedil;&atilde;o, seis oficias do programa Filhos no Campo, quatro vitrines de demonstra&ccedil;&atilde;o, tr&ecirc;s palestras t&eacute;cnicas e o workshop de doma racional. No total, a previs&atilde;o &eacute; capacitar mais de 800 pessoas durante os cinco dias da Expoc&aacute;ceres.<\/p>\n<p>\n&nbsp;<\/p>\n<p>\nA partir deste ano, a cidade com o segundo maior rebanho bovino de Mato Grosso e o quarto do pa&iacute;s, passar&aacute; a ter um evento paralelo aos shows art&iacute;sticos focado nos neg&oacute;cios e na capacita&ccedil;&atilde;o de produtores e trabalhadores rurais.<\/p>\n<p>\n&nbsp;<\/p>\n<p>\n&quot;&Eacute; uma tend&ecirc;ncia que estamos observando em Mato Grosso e agora trazemos para C&aacute;ceres, envolvendo programa&ccedil;&atilde;o t&eacute;cnica, neg&oacute;cios e entretenimento em um mesmo evento, atraindo maior participa&ccedil;&atilde;o do p&uacute;blico rural na feira&quot;, destaca o presidente do Sindicato Rural de C&aacute;ceres, Jeremias Leite.<\/p>\n<p>\n&nbsp;<\/p>\n<p>\nAs a&ccedil;&otilde;es do SENAR-MT ser&atilde;o realizadas no N&uacute;cleo Avan&ccedil;ado de Capacita&ccedil;&atilde;o (NAC) instalado dentro do Parque de Exposi&ccedil;&otilde;es de C&aacute;ceres.<\/p>\n<p>\n<br \/>\n<strong>Novidades &#8211;<\/strong> Entre as novidades que ser&atilde;o apresentadas durante o evento pelo SENAR-MT est&aacute; a Vitrine de Cozinha Pantaneira, a Oficina de Controle Sanit&aacute;rio Bovino e o lan&ccedil;amento do programa Boas Pr&aacute;ticas da Agropecu&aacute;ria (BPA).<\/p>\n<p>\n&nbsp;<\/p>\n<p>\nAl&eacute;m disso, ser&atilde;o realizadas vitrines de Saladas e Entradas, Carne Bovina e Soja. Oficinas de Defensivos Naturais, Agricultura de Precis&atilde;o, Confec&ccedil;&atilde;o de Bolsas e Cintos em Couro Bovino, Oficina de GTA Eletr&ocirc;nico, Oficina de Beneficiamento de Pescado, Manuten&ccedil;&atilde;o de Tratores, IN 62 &ndash; Qualidade do Leite, entre outras.<\/p>\n<p>\n&nbsp;<\/p>\n<p>\nJ&aacute; as palestras ter&atilde;o com o tema Desenvolvimento Agropecu&aacute;rio Sustent&aacute;vel, com Ricardo Arioli, Intensifica&ccedil;&atilde;o da Pecu&aacute;ria de Corte em Mato Grosso, com Rodrigo Pacheco e Leite a Pasto, com Edmundo Benedetti.<\/p>\n<p>\n&nbsp;<\/p>\n<p>\n<strong>PROGRAMA&Ccedil;&Atilde;O<\/strong><\/p>\n<p>\n<strong>05 de outubro &#8211; Quarta-feira<\/strong><br \/>\n07h30 &#8211; Oficina Filhos no Campos<br \/>\nLocal: Parque de Exposi&ccedil;&otilde;es<\/p>\n<p>\n13h &#8211; Oficina Filhos no Campo<br \/>\nLocal: Parque de Exposi&ccedil;&otilde;es<\/p>\n<p>\n14h &nbsp;&#8211; Oficina de Defensivos Naturais<br \/>\nLocal: N&uacute;cleo Avan&ccedil;ado de Capacita&ccedil;&atilde;o (NAC)<\/p>\n<p>\n18h &#8211; Vitrine Entradas e Saladas<br \/>\nLocal: N&uacute;cleo Avan&ccedil;ado de Capacita&ccedil;&atilde;o (NAC)<br \/>\n&nbsp;<\/p>\n<p>\n<strong>06 de outubro &#8211; Quinta-feira<\/strong><br \/>\n07h30 &#8211; Oficina Filhos no Campo<br \/>\nLocal: Parque de Exposi&ccedil;&otilde;es<\/p>\n<p>\n08h &#8211; Oficina de Beneficiamento e Conserva&ccedil;&atilde;o de Pescado<br \/>\nLocal: N&uacute;cleo Avan&ccedil;ado de Capacita&ccedil;&atilde;o (NAC)<\/p>\n<p>\n08h &#8211; Oficina de Manuten&ccedil;&atilde;o de Tratores Agr&iacute;colas<br \/>\nLocal: N&uacute;cleo Avan&ccedil;ado de Capacita&ccedil;&atilde;o (NAC)<\/p>\n<p>\n13h &#8211; Oficina Filhos no Campo<br \/>\nLocal: Parque de Exposi&ccedil;&otilde;es<\/p>\n<p>\n14h &#8211; Oficina de Agricultura de Precis&atilde;o<br \/>\nLocal: N&uacute;cleo Avan&ccedil;ado de Capacita&ccedil;&atilde;o (NAC)<\/p>\n<p>\n14h30 &#8211; Palestra Desenvolvimento Agropecu&aacute;rio Sustent&aacute;vel com Ricardo Arioli<br \/>\nLocal: Audit&oacute;rio<\/p>\n<p>\n14h30 &#8211; Lan&ccedil;amento do Programa Boas Pr&aacute;ticas Agropecu&aacute;rias<br \/>\nLocal: Audit&oacute;rio<\/p>\n<p>\n18h &#8211; Vitrine Cozinha Soja Experimental<br \/>\nLocal: N&uacute;cleo Avan&ccedil;ado de Capacita&ccedil;&atilde;o (NAC)<br \/>\n&nbsp;<\/p>\n<p>\n<strong>07 de outubro &#8211; Sexta-feira<\/strong><br \/>\n07h30 &#8211; Oficina Filhos no Campo<br \/>\nLocal: Parque de Exposi&ccedil;&otilde;es<\/p>\n<p>\n08h &#8211; Oficina de Beneficiamento do Leite &#8211; Requeij&atilde;o Tradicional<br \/>\nLocal: N&uacute;cleo Avan&ccedil;ado de Capacita&ccedil;&atilde;o (NAC)<\/p>\n<p>\n08h &#8211; Oficina IN 62 &#8211; Qualidade do Leite<br \/>\nLocal: N&uacute;cleo Avan&ccedil;ado de Capacita&ccedil;&atilde;o (NAC)<\/p>\n<p>\n13h &#8211; Oficina Filhos no Campo<br \/>\nLocal: Parque de Exposi&ccedil;&otilde;es<\/p>\n<p>\n14h &#8211; Oficina de Controle Sanit&aacute;rio<br \/>\nLocal: N&uacute;cleo Avan&ccedil;ado de Capacita&ccedil;&atilde;o (NAC)<\/p>\n<p>\n14h30 &#8211; Palestra Intensifica&ccedil;&atilde;o da Pecu&aacute;ria de Corte em Mato Grosso com Rodrigo Pacheco<br \/>\nLocal: Audit&oacute;rio<\/p>\n<p>\n18h &#8211; Vitrine Cozinha Pantaneira<br \/>\nLocal: N&uacute;cleo Avan&ccedil;ado de Capacita&ccedil;&atilde;o (NAC)<br \/>\n&nbsp;<\/p>\n<p>\n<strong>08 de outubro &#8211; S&aacute;bado<\/strong><br \/>\n08h &#8211; Workshop de Doma Racional com Fernando Rolim<br \/>\nLocal: Parque de Exposi&ccedil;&otilde;es<\/p>\n<p>\n08h &#8211; Oficina de GTA Eletr&ocirc;nico<br \/>\nLocal: N&uacute;cleo Avan&ccedil;ado de Capacita&ccedil;&atilde;o (NAC)<\/p>\n<p>\n08h &#8211; Oficina de Beneficiamento do Leite &ndash; Doce Pastoso e Iogurte<br \/>\nLocal: N&uacute;cleo Avan&ccedil;ado de Capacita&ccedil;&atilde;o (NAC)<\/p>\n<p>\n14h &#8211; Oficina de Confec&ccedil;&atilde;o de Bolsas em Couro Bovino<br \/>\nLocal: N&uacute;cleo Avan&ccedil;ado de Capacita&ccedil;&atilde;o (NAC)<\/p>\n<p>\n14h30 &#8211; Palestra Leite a Pasto com Edmundo Benedetti<br \/>\nLocal: Audit&oacute;rio<\/p>\n<p>\n18h &#8211; Vitrine da Carne Bovina<br \/>\nLocal: N&uacute;cleo Avan&ccedil;ado de Capacita&ccedil;&atilde;o (NAC)<\/p>\n<p>\n<br \/>\n<strong>09 de outubro &#8211; Domingo<\/strong><br \/>\n08h &#8211; Oficina de Confec&ccedil;&atilde;o de Revestimento para Copos em Couro Bovino<br \/>\nLocal: N&uacute;cleo Avan&ccedil;ado de Capacita&ccedil;&atilde;o (NAC)<\/p>\n<p>\n14h &#8211; Oficina de Confec&ccedil;&atilde;o de Cintos em Couro Bovino<br \/>\nLocal: N&uacute;cleo Avan&ccedil;ado de Capacita&ccedil;&atilde;o (NAC)<\/p>\n<p>\n&nbsp;<\/p>\n","protected":false},"excerpt":{"rendered":"<p>Come&ccedil;a na pr&oacute;xima quarta-feira (05.10) a I Agrotec &#8211; Feira Tecnol&oacute;gica de C&aacute;ceres. O evento, que ocorre paralelamente &agrave; Expoc&aacute;ceres, segue at&eacute; o dia 09 de outubro e &eacute; uma realiza&ccedil;&atilde;o do Servi&ccedil;o Nacional de Aprendizagem Rural de Mato Grosso (SENAR-MT), Sindicato Rural e parceiros. &nbsp; A programa&ccedil;&atilde;o &eacute; totalmente gratuita. Ao todo ser&atilde;o 12 [&hellip;]<\/p>\n","protected":false},"author":1,"featured_media":2769,"comment_status":"open","ping_status":"open","sticky":false,"template":"","format":"standard","meta":{"advgb_blocks_editor_width":"","advgb_blocks_columns_visual_guide":"","footnotes":""},"categories":[1],"tags":[],"class_list":["post-10018","post","type-post","status-publish","format-standard","has-post-thumbnail","hentry","category-geral"],"acf":[],"author_meta":{"display_name":"siteadmin","author_link":"https:\/\/sistemafamato.org.br\/senarmt\/author\/siteadmin\/"},"featured_img":"https:\/\/sistemafamato.org.br\/senarmt\/wp-content\/uploads\/sites\/2\/2016\/09\/27092016030823-300x225.jpg","coauthors":[],"tax_additional":{"categories":{"linked":["<a href=\"https:\/\/sistemafamato.org.br\/senarmt\/category\/geral\/\" class=\"advgb-post-tax-term\">Geral<\/a>"],"unlinked":["<span class=\"advgb-post-tax-term\">Geral<\/span>"]}},"comment_count":"0","relative_dates":{"created":"Publicado 10 anos atr\u00e1s","modified":"Atualizado 10 anos atr\u00e1s"},"absolute_dates":{"created":"Publicado em 27 de setembro de 2016","modified":"Atualizado em 27 de setembro de 2016"},"absolute_dates_time":{"created":"Publicado em 27 de setembro de 2016 15:08","modified":"Atualizado em 27 de setembro de 2016 15:08"},"featured_img_caption":"","series_order":"","_links":{"self":[{"href":"https:\/\/sistemafamato.org.br\/senarmt\/wp-json\/wp\/v2\/posts\/10018","targetHints":{"allow":["GET"]}}],"collection":[{"href":"https:\/\/sistemafamato.org.br\/senarmt\/wp-json\/wp\/v2\/posts"}],"about":[{"href":"https:\/\/sistemafamato.org.br\/senarmt\/wp-json\/wp\/v2\/types\/post"}],"author":[{"embeddable":true,"href":"https:\/\/sistemafamato.org.br\/senarmt\/wp-json\/wp\/v2\/users\/1"}],"replies":[{"embeddable":true,"href":"https:\/\/sistemafamato.org.br\/senarmt\/wp-json\/wp\/v2\/comments?post=10018"}],"version-history":[{"count":0,"href":"https:\/\/sistemafamato.org.br\/senarmt\/wp-json\/wp\/v2\/posts\/10018\/revisions"}],"wp:featuredmedia":[{"embeddable":true,"href":"https:\/\/sistemafamato.org.br\/senarmt\/wp-json\/wp\/v2\/media\/2769"}],"wp:attachment":[{"href":"https:\/\/sistemafamato.org.br\/senarmt\/wp-json\/wp\/v2\/media?parent=10018"}],"wp:term":[{"taxonomy":"category","embeddable":true,"href":"https:\/\/sistemafamato.org.br\/senarmt\/wp-json\/wp\/v2\/categories?post=10018"},{"taxonomy":"post_tag","embeddable":true,"href":"https:\/\/sistemafamato.org.br\/senarmt\/wp-json\/wp\/v2\/tags?post=10018"}],"curies":[{"name":"wp","href":"https:\/\/api.w.org\/{rel}","templated":true}]}}