{"id":10016,"date":"2016-09-26T09:07:57","date_gmt":"2016-09-26T12:07:57","guid":{"rendered":"https:\/\/sistemafamato.org.br\/senarmt\/2016\/09\/26\/faculdade-cna-abre-inscricoes\/"},"modified":"2016-09-26T09:07:57","modified_gmt":"2016-09-26T12:07:57","slug":"faculdade-cna-abre-inscricoes","status":"publish","type":"post","link":"https:\/\/sistemafamato.org.br\/senarmt\/2016\/09\/26\/faculdade-cna-abre-inscricoes\/","title":{"rendered":"Faculdade CNA abre inscri\u00e7\u00f5es"},"content":{"rendered":"<p>\n<strong>Bras\u00edlia (23\/09\/016) <\/strong>&#8211; A Faculdade de Tecnologia CNA est\u00e1 com inscri\u00e7\u00f5es abertas para novas turmas dos dois cursos de p\u00f3s-gradua\u00e7\u00e3o: em Gest\u00e3o Empresarial em Agroneg\u00f3cio e em Gest\u00e3o de Projetos no Agroneg\u00f3cio, ambos na modalidade presencial.\u00a0 As aulas acontecer\u00e3o em Bras\u00edlia e o in\u00edcio est\u00e1 previsto para o pr\u00f3ximo dia 18 de outubro. As inscri\u00e7\u00f5es devem ser feitas pelo site (<a href=\"http:\/\/www.faculdadecna.com.br\">www.faculdadecna.com.br<\/a>).<\/p>\n<p>\n\u00a0<\/p>\n<p>\nOs cursos de P\u00f3s-Gradua\u00e7\u00e3o da Tecnologia CNA s\u00e3o formatados com uma estrutura curricular moderna, baseada em aulas participativas, com estudos de casos, para que o aluno seja capaz de ter a vis\u00e3o empresarial do neg\u00f3cio agropecu\u00e1rio de forma eficaz e estrat\u00e9gica.<\/p>\n<p>\n\u00a0<\/p>\n<p>\nA p\u00f3s-gradua\u00e7\u00e3o em Gest\u00e3o Empresarial em Agroneg\u00f3cio tem carga hor\u00e1ria de 360 horas e os seguintes conte\u00fados: Gest\u00e3o de Marketing; Gest\u00e3o de Opera\u00e7\u00f5es e Log\u00edstica; Gerenciamento da Qualidade; Gest\u00e3o de Pessoas; Projeto de Pesquisa (Metodologia e Planejamento); Gest\u00e3o Financeira; Gest\u00e3o de Projetos; Direito Empresarial; Pol\u00edtica Agr\u00edcola Brasileira e Cr\u00e9dito Rural; Neg\u00f3cios Internacionais; Gest\u00e3o de Cadeias Produtivas no Agroneg\u00f3cio; Inova\u00e7\u00e3o e Empreendedorismo; Custos de Produ\u00e7\u00e3o no Agroneg\u00f3cio; Gerenciamento de Riscos em Projeto de Agroneg\u00f3cio; Gest\u00e3o da Empresa Rural e Trabalho de Conclus\u00e3o de Curso.<\/p>\n<p>\n\u00a0<\/p>\n<p>\nA p\u00f3s-gradua\u00e7\u00e3o em Gest\u00e3o de Projetos no Agroneg\u00f3cio tem carga hor\u00e1ria de 368 horas e os seguintes conte\u00fados: Gest\u00e3o de Marketing; Gest\u00e3o de Opera\u00e7\u00f5es e Log\u00edstica; Gerenciamento da Qualidade; Gest\u00e3o de Pessoas; Projeto de Pesquisa (Metodologia e Planejamento); Gest\u00e3o Financeira; Gest\u00e3o de Estrat\u00e9gica; Ambiente Econ\u00f4mico Global; Rela\u00e7\u00f5es Interpessoais e o Projeto de Agroneg\u00f3cio; Governan\u00e7a Corporativa e legisla\u00e7\u00e3o ambiental;\u00a0 Projeto de Gest\u00e3o de Mudan\u00e7as; Gerenciamento de Riscos em Projeto de Agroneg\u00f3cio; Estrat\u00e9gia e Concep\u00e7\u00e3o de Projeto em Agroneg\u00f3cio; Inova\u00e7\u00e3o e Empreendedorismo; Custos de Produ\u00e7\u00e3o e Trabalho de Conclus\u00e3o de Curso.\u00a0<\/p>\n<p>\nOs candidatos devem fazer a inscri\u00e7\u00e3o pelo site <a href=\"http:\/\/www.faculdadecna.com.br\">www.faculdadecna.com.br<\/a><\/p>\n<p style=\"margin: 0px; padding: 0px; color: rgb(35, 31, 32); font-family: Tahoma, Geneva, sans-serif; font-size: 14px; text-align: justify;\">\nO SENAR-MT faz parte de um conjunto de entidades que formam o Sistema Famato, assim como a Federa\u00e7\u00e3o, o Imea e os 89 Sindicatos Rurais do Estado. Essas entidades d\u00e3o suporte para o desenvolvimento sustent\u00e1vel do agroneg\u00f3cio. O Senar est\u00e1 no Facebook e no Instagram. Curta a Fan Page\u00a0<a href=\"http:\/\/www.facebook.com\/SenarMt\" style=\"margin: 0px; padding: 0px;\">www.facebook.com\/SenarMt<\/a>\u00a0e a conta @senar_mt.<\/p>\n<div>\n\u00a0<\/div>\n","protected":false},"excerpt":{"rendered":"<p>Bras\u00edlia (23\/09\/016) &#8211; A Faculdade de Tecnologia CNA est\u00e1 com inscri\u00e7\u00f5es abertas para novas turmas dos dois cursos de p\u00f3s-gradua\u00e7\u00e3o: em Gest\u00e3o Empresarial em Agroneg\u00f3cio e em Gest\u00e3o de Projetos no Agroneg\u00f3cio, ambos na modalidade presencial.\u00a0 As aulas acontecer\u00e3o em Bras\u00edlia e o in\u00edcio est\u00e1 previsto para o pr\u00f3ximo dia 18 de outubro. As inscri\u00e7\u00f5es [&hellip;]<\/p>\n","protected":false},"author":1,"featured_media":2765,"comment_status":"open","ping_status":"open","sticky":false,"template":"","format":"standard","meta":{"advgb_blocks_editor_width":"","advgb_blocks_columns_visual_guide":"","footnotes":""},"categories":[1],"tags":[],"class_list":["post-10016","post","type-post","status-publish","format-standard","has-post-thumbnail","hentry","category-geral"],"acf":[],"author_meta":{"display_name":"siteadmin","author_link":"https:\/\/sistemafamato.org.br\/senarmt\/author\/siteadmin\/"},"featured_img":"https:\/\/sistemafamato.org.br\/senarmt\/wp-content\/uploads\/sites\/2\/2016\/09\/26092016091506-300x158.jpg","coauthors":[],"tax_additional":{"categories":{"linked":["<a href=\"https:\/\/sistemafamato.org.br\/senarmt\/category\/geral\/\" class=\"advgb-post-tax-term\">Geral<\/a>"],"unlinked":["<span class=\"advgb-post-tax-term\">Geral<\/span>"]}},"comment_count":"0","relative_dates":{"created":"Publicado 10 anos atr\u00e1s","modified":"Atualizado 10 anos atr\u00e1s"},"absolute_dates":{"created":"Publicado em 26 de setembro de 2016","modified":"Atualizado em 26 de setembro de 2016"},"absolute_dates_time":{"created":"Publicado em 26 de setembro de 2016 09:07","modified":"Atualizado em 26 de setembro de 2016 09:07"},"featured_img_caption":"","series_order":"","_links":{"self":[{"href":"https:\/\/sistemafamato.org.br\/senarmt\/wp-json\/wp\/v2\/posts\/10016","targetHints":{"allow":["GET"]}}],"collection":[{"href":"https:\/\/sistemafamato.org.br\/senarmt\/wp-json\/wp\/v2\/posts"}],"about":[{"href":"https:\/\/sistemafamato.org.br\/senarmt\/wp-json\/wp\/v2\/types\/post"}],"author":[{"embeddable":true,"href":"https:\/\/sistemafamato.org.br\/senarmt\/wp-json\/wp\/v2\/users\/1"}],"replies":[{"embeddable":true,"href":"https:\/\/sistemafamato.org.br\/senarmt\/wp-json\/wp\/v2\/comments?post=10016"}],"version-history":[{"count":0,"href":"https:\/\/sistemafamato.org.br\/senarmt\/wp-json\/wp\/v2\/posts\/10016\/revisions"}],"wp:featuredmedia":[{"embeddable":true,"href":"https:\/\/sistemafamato.org.br\/senarmt\/wp-json\/wp\/v2\/media\/2765"}],"wp:attachment":[{"href":"https:\/\/sistemafamato.org.br\/senarmt\/wp-json\/wp\/v2\/media?parent=10016"}],"wp:term":[{"taxonomy":"category","embeddable":true,"href":"https:\/\/sistemafamato.org.br\/senarmt\/wp-json\/wp\/v2\/categories?post=10016"},{"taxonomy":"post_tag","embeddable":true,"href":"https:\/\/sistemafamato.org.br\/senarmt\/wp-json\/wp\/v2\/tags?post=10016"}],"curies":[{"name":"wp","href":"https:\/\/api.w.org\/{rel}","templated":true}]}}