{"id":10013,"date":"2016-09-22T18:47:08","date_gmt":"2016-09-22T21:47:08","guid":{"rendered":"https:\/\/sistemafamato.org.br\/senarmt\/2016\/09\/22\/rui-prado-pede-ao-mapa-mais-cuidado-com-produtor-rural\/"},"modified":"2016-09-22T18:47:08","modified_gmt":"2016-09-22T21:47:08","slug":"rui-prado-pede-ao-mapa-mais-cuidado-com-produtor-rural","status":"publish","type":"post","link":"https:\/\/sistemafamato.org.br\/senarmt\/2016\/09\/22\/rui-prado-pede-ao-mapa-mais-cuidado-com-produtor-rural\/","title":{"rendered":"Rui Prado pede ao Mapa mais cuidado com produtor rural"},"content":{"rendered":"<p>\nO cuidado com o produtor rural foi o pedido feito pelo presidente do Sistema Famato\/SENAR-MT, Rui Prado, durante a solenidade de lan\u00e7amento oficial do plantio de soja, ocorrido na tarde desta quinta-feira (22\/09), na Embrapa de Sinop. Dirigindo-se ao ministro interino da Agricultura, Pecu\u00e1ria e Abastecimento (Mapa), Eumar Nowacki, Prado aproveitou a presen\u00e7a de presidentes de entidades agropecu\u00e1rias, inclusive de outros estados, para solicitar mais rapidez, menos rigor e menores juros para acesso ao cr\u00e9dito visando \u00e0 safra 2016\/17.<\/p>\n<p>\n\u00a0<\/p>\n<p>\n&#8220;N\u00f3s precisamos ser competitivos e foi discutido aqui o custo de produ\u00e7\u00e3o. Mas n\u00e3o foi falado em carga tribut\u00e1ria e tamb\u00e9m sobre o tamanho e o valor dos juros que n\u00f3s, produtores rurais, pagamos para fazer a produ\u00e7\u00e3o agropecu\u00e1ria. Eu pe\u00e7o a sua interfer\u00eancia, ministro Eumar, que cuide do produtor rural como cuida de sua galinha dos ovos de ouro, porque a partir da produ\u00e7\u00e3o rural \u00e9 que esse Brasil pode sair da crise&#8221;, clamou o presidente da principal entidade representativa dos produtores rurais do Estado.<\/p>\n<p>\n\u00a0<\/p>\n<p>\nO custo da produ\u00e7\u00e3o foi o tema escolhido pelos organizadores do evento \u2013 Canal Rural, Aprosoja Brasil e Servi\u00e7o Nacional de Aprendizagem Rural (SENAR-MT) \u2013 para nortear os diversos debates programados para o lan\u00e7amento do plantio, sobretudo em virtude da quebra da \u00faltima safra e das incertezas clim\u00e1ticas e de cr\u00e9dito para o pr\u00f3ximo per\u00edodo. Conforme o Instituto Mato-grossense de Economia Agropecu\u00e1ria (Imea), o custo total est\u00e1 em R$ 60 por saca, colhendo 53 sacas por hectare. Na opini\u00e3o do seu superintendente, Daniel Latorraca, \u00e9 um valor alto para uma produtividade ruim.<\/p>\n<p>\n\u00a0<\/p>\n<p>\n&#8220;Esta \u00e9 uma safra que foi planejada num cen\u00e1rio muito ruim, muito inst\u00e1vel. \u00c9 uma safra de maior risco. \u00c9 preciso ter uma aten\u00e7\u00e3o muito especial em rela\u00e7\u00e3o \u00e0s lavouras, pois podemos ter mais problemas do que na safra passada&#8221;, sentenciou Latorraca.<\/p>\n<p>\n\u00a0<\/p>\n<p>\nTamb\u00e9m presente na solenidade, o secret\u00e1rio de Pol\u00edticas Agr\u00edcolas do Mapa, Neri Geller, ouviu o pleito de Prado principalmente quanto \u00e0 necessidade de redu\u00e7\u00e3o de juros no pa\u00eds. &#8220;Algumas das melhores pol\u00edticas agr\u00edcolas que o Brasil pode fazer, e espero que o senhor fa\u00e7a junto do n\u00facleo duro do governo, s\u00e3o controlar a infla\u00e7\u00e3o e diminuir os juros. V\u00e3o trazer resultados positivos para a safra brasileira. N\u00f3s produtores estamos, todos os anos, colocando nosso patrim\u00f4nio em risco e, em muitos casos, aumentando o endividamento&#8221;, ponderou, lembrando que, por conta da crise econ\u00f4mica, os agentes banc\u00e1rios est\u00e3o mais seletivos na hora de oferecer o cr\u00e9dito rural, mesmo estando o recurso dispon\u00edvel.<\/p>\n<p>\n\u00a0<\/p>\n<p>\nO discurso foi endossado pelo presidente da Associa\u00e7\u00e3o dos Produtores de Soja e Milho de Mato Grosso, Endrigo Dalcin. &#8220;N\u00f3s temos bols\u00f5es de endividamento em Mato Grosso. Temos bols\u00f5es de produtores que ainda precisam fazer o planejamento de sua safra. A gente precisa de apoio, de cr\u00e9dito para esses produtores e n\u00e3o podemos comprometer a pr\u00f3xima safra&#8221;, lembrou o presidente da Aprosoja, Endrigo Dalcin.<\/p>\n<p>\n\u00a0<\/p>\n<p>\nO ministro interino do Mapa aproveitou para destacar a pujan\u00e7a brasileira na produ\u00e7\u00e3o agropecu\u00e1ria e as apostas que o \u00f3rg\u00e3o est\u00e1 fazendo durante o atual mandato. &#8220;O que temos visto Brasil a fora \u00e9 que realmente somos os melhores produtores do mundo. Mesmo com todos os gargalos que n\u00f3s temos de log\u00edsticas, de alguma falta de incentivo ao setor, conseguimos nos manter competitivos no cen\u00e1rio internacional&#8221;, comemorou informando que a expectativa do Mapa \u00e9 sair dos atuais 7% de participa\u00e7\u00e3o no mercado internacional para 10% em cinco anos, o que representa R$ 30 bilh\u00f5es a mais gerando na economia.<\/p>\n<p>\n\u00a0<\/p>\n<p>\n<strong>PLANTIO \u2013<\/strong> Logo ap\u00f3s a abertura com as autoridades, no in\u00edcio da tarde, foi dada a largada oficial do plantio nas plantadeiras ocupadas por elas, que percorreram alguns metros do campo experimental da Embrapa. Na ocasi\u00e3o, o diretor do Canal Rural, J\u00falio Cargnino, agradeceu a parceria do SENAR-MT na realiza\u00e7\u00e3o da Caravana Soja Brasil. &#8220;O SENAR-MT tem sido um parceiro de primeira grandeza, de grande import\u00e2ncia nesse projeto de fazer uma caravana gigantesca em todo o Estado. Muito obrigada pelo empenho de toda a equipe&#8221;.<\/p>\n<p>\n\u00a0<\/p>\n<p>\nO Senar-MT faz parte de um conjunto de entidades que forma o Sistema Famato. Essas entidades d\u00e3o suporte para o desenvolvimento sustent\u00e1vel do agroneg\u00f3cio e representam os interesses dos produtores rurais do Estado. \u00c9 formado ainda pela Federa\u00e7\u00e3o da Agricultura e Pecu\u00e1ria do Estado de Mato Grosso (Famato), pelo Instituto Mato-Grossense de Economia Agropecu\u00e1ria (Imea) e pelos 90 Sindicatos Rurais do Estado. O Senar est\u00e1 no Twitter e no Facebook. Siga\u00a0<a href=\"https:\/\/twitter.com\/senar_mt\">@senar_mt<\/a>\u00a0e curta a Fan Page (<a href=\"http:\/\/www.facebook.com\/SenarMt\">www.facebook.com\/SenarMt<\/a>).<\/p>\n<p>\n\u00a0<\/p>\n","protected":false},"excerpt":{"rendered":"<p>O cuidado com o produtor rural foi o pedido feito pelo presidente do Sistema Famato\/SENAR-MT, Rui Prado, durante a solenidade de lan\u00e7amento oficial do plantio de soja, ocorrido na tarde desta quinta-feira (22\/09), na Embrapa de Sinop. Dirigindo-se ao ministro interino da Agricultura, Pecu\u00e1ria e Abastecimento (Mapa), Eumar Nowacki, Prado aproveitou a presen\u00e7a de presidentes [&hellip;]<\/p>\n","protected":false},"author":1,"featured_media":2759,"comment_status":"open","ping_status":"open","sticky":false,"template":"","format":"standard","meta":{"advgb_blocks_editor_width":"","advgb_blocks_columns_visual_guide":"","footnotes":""},"categories":[1],"tags":[],"class_list":["post-10013","post","type-post","status-publish","format-standard","has-post-thumbnail","hentry","category-geral"],"acf":[],"author_meta":{"display_name":"siteadmin","author_link":"https:\/\/sistemafamato.org.br\/senarmt\/author\/siteadmin\/"},"featured_img":"https:\/\/sistemafamato.org.br\/senarmt\/wp-content\/uploads\/sites\/2\/2016\/09\/22092016064655-300x178.jpg","coauthors":[],"tax_additional":{"categories":{"linked":["<a href=\"https:\/\/sistemafamato.org.br\/senarmt\/category\/geral\/\" class=\"advgb-post-tax-term\">Geral<\/a>"],"unlinked":["<span class=\"advgb-post-tax-term\">Geral<\/span>"]}},"comment_count":"0","relative_dates":{"created":"Publicado 10 anos atr\u00e1s","modified":"Atualizado 10 anos atr\u00e1s"},"absolute_dates":{"created":"Publicado em 22 de setembro de 2016","modified":"Atualizado em 22 de setembro de 2016"},"absolute_dates_time":{"created":"Publicado em 22 de setembro de 2016 18:47","modified":"Atualizado em 22 de setembro de 2016 18:47"},"featured_img_caption":"","series_order":"","_links":{"self":[{"href":"https:\/\/sistemafamato.org.br\/senarmt\/wp-json\/wp\/v2\/posts\/10013","targetHints":{"allow":["GET"]}}],"collection":[{"href":"https:\/\/sistemafamato.org.br\/senarmt\/wp-json\/wp\/v2\/posts"}],"about":[{"href":"https:\/\/sistemafamato.org.br\/senarmt\/wp-json\/wp\/v2\/types\/post"}],"author":[{"embeddable":true,"href":"https:\/\/sistemafamato.org.br\/senarmt\/wp-json\/wp\/v2\/users\/1"}],"replies":[{"embeddable":true,"href":"https:\/\/sistemafamato.org.br\/senarmt\/wp-json\/wp\/v2\/comments?post=10013"}],"version-history":[{"count":0,"href":"https:\/\/sistemafamato.org.br\/senarmt\/wp-json\/wp\/v2\/posts\/10013\/revisions"}],"wp:featuredmedia":[{"embeddable":true,"href":"https:\/\/sistemafamato.org.br\/senarmt\/wp-json\/wp\/v2\/media\/2759"}],"wp:attachment":[{"href":"https:\/\/sistemafamato.org.br\/senarmt\/wp-json\/wp\/v2\/media?parent=10013"}],"wp:term":[{"taxonomy":"category","embeddable":true,"href":"https:\/\/sistemafamato.org.br\/senarmt\/wp-json\/wp\/v2\/categories?post=10013"},{"taxonomy":"post_tag","embeddable":true,"href":"https:\/\/sistemafamato.org.br\/senarmt\/wp-json\/wp\/v2\/tags?post=10013"}],"curies":[{"name":"wp","href":"https:\/\/api.w.org\/{rel}","templated":true}]}}