{"id":10012,"date":"2016-09-21T11:15:50","date_gmt":"2016-09-21T14:15:50","guid":{"rendered":"https:\/\/sistemafamato.org.br\/senarmt\/2016\/09\/21\/sindicato-rural-de-caceres-completa-44-anos-e-lanca-agrotec-em-parceria-com-senar-mt\/"},"modified":"2016-09-21T11:15:50","modified_gmt":"2016-09-21T14:15:50","slug":"sindicato-rural-de-caceres-completa-44-anos-e-lanca-agrotec-em-parceria-com-senar-mt","status":"publish","type":"post","link":"https:\/\/sistemafamato.org.br\/senarmt\/2016\/09\/21\/sindicato-rural-de-caceres-completa-44-anos-e-lanca-agrotec-em-parceria-com-senar-mt\/","title":{"rendered":"Sindicato Rural de C\u00e1ceres completa 44 anos e lan\u00e7a Agrotec em parceria com SENAR-MT"},"content":{"rendered":"<p>\nA quarta-feira (21.09) \u00e9 dia de festa em C\u00e1ceres. Al\u00e9m das comemora\u00e7\u00f5es do anivers\u00e1rio de 44 anos do Sindicato Rural, o presidente Jeremias Pereira Leite recebe associados, imprensa e parceiros para o lan\u00e7amento da I Agrotec \u2013 Feira Tecnologia de C\u00e1ceres &#8211; que ser\u00e1 realizada entre os dias cinco e nove de outubro, paralelamente \u00e0 Expoc\u00e1ceres.<\/p>\n<p>\n\u00a0<\/p>\n<p>\nRealizada pelo Servi\u00e7o Nacional de Aprendizagem Rural de Mato Grosso (SENAR-MT), Sindicato Rural e parceiros, a Agrotec ter\u00e1 uma programa\u00e7\u00e3o bastante intensa. Ao todo ser\u00e3o 12 oficinas de capacita\u00e7\u00e3o, seis oficias do programa Filhos no Campo, quatro vitrines de demonstra\u00e7\u00e3o, tr\u00eas palestras t\u00e9cnicas e o workshop de doma racional. No total, a previs\u00e3o \u00e9 capacitar mais de 800 pessoas durante os cinco dias da Expoc\u00e1ceres.<\/p>\n<p>\n\u00a0<\/p>\n<p>\nDe acordo com o presidente do Sindicato Rural de C\u00e1ceres,\u00a0 este novo formato tem como objetivo envolver programa\u00e7\u00e3o t\u00e9cnica, neg\u00f3cios e entretenimento em um mesmo evento, atraindo maior participa\u00e7\u00e3o do p\u00fablico rural na feira. &#8220;Al\u00e9m dos tradicionais shows e rodeio, que movimentam a regi\u00e3o, estamos buscando um maior enfoque t\u00e9cnico e comercial, de olho no desenvolvimento agropecu\u00e1rio de C\u00e1ceres e regi\u00e3o&#8221;.<\/p>\n<p>\n\u00a0<\/p>\n<p>\nEntre as novidades que ser\u00e3o apresentadas durante o evento pelo SENAR-MT est\u00e1 a Vitrine de Cozinha Pantaneira, a Oficina de Controle Sanit\u00e1rio Bovino e o lan\u00e7amento do programa Boas Pr\u00e1ticas da Agropecu\u00e1ria (BPA).<\/p>\n<p>\n\u00a0<\/p>\n<p>\nAl\u00e9m disso, ser\u00e3o realizadas vitrines de Saladas e Entradas, Carne Bovina e Soja. Oficinas de Defensivos Naturais, Agricultura de Precis\u00e3o, Confec\u00e7\u00e3o de Bolsas e Cintos em Couro Bovino, Oficina de GTA Eletr\u00f4nico, Oficina de Beneficiamento de Pescado, Manuten\u00e7\u00e3o de Tratores, IN 62 \u2013 Qualidade do Leite, entre outras.<\/p>\n<p>\n\u00a0<\/p>\n<p>\nJ\u00e1 as palestras ter\u00e3o como tema Desenvolvimento Agropecu\u00e1rio Sustent\u00e1vel, Intensifica\u00e7\u00e3o da Pecu\u00e1ria de Corte no Mato Grosso e Leite a Pasto.<\/p>\n<p>\n\u00a0<\/p>\n<p>\nA analista de Projetos T\u00e9cnicos do SENAR-MT, Juliana Mardegan, explica que os temas das oficinas e palestras foram escolhidos de acordo com a voca\u00e7\u00e3o agropecu\u00e1ria da regi\u00e3o, que tem forte tradi\u00e7\u00e3o nas pecu\u00e1rias de corte e leite. &#8220;Ser\u00e1 uma boa oportunidade para o p\u00fablico aproveitar a exposi\u00e7\u00e3o para se capacitar. As a\u00e7\u00f5es ser\u00e3o realizadas no N\u00facleo Avan\u00e7ado de Capacita\u00e7\u00e3o (NAC) instalado dentro do Parque de Exposi\u00e7\u00f5es de C\u00e1ceres&#8221;.<\/p>\n<p>\n\u00a0<\/p>\n<p>\nO SENAR-MT faz parte de um conjunto de entidades que formam o Sistema Famato, assim como a Federa\u00e7\u00e3o, o Imea e os 90 Sindicatos Rurais do Estado. Essas entidades d\u00e3o suporte para o desenvolvimento sustent\u00e1vel do agroneg\u00f3cio. O Senar est\u00e1 no Facebook e no Instagram. Curta a Fan Page <a href=\"http:\/\/www.facebook.com\/SenarMt\">www.facebook.com\/SenarMt<\/a> e a conta @senar_mt.<\/p>\n<p>\n\u00a0<\/p>\n","protected":false},"excerpt":{"rendered":"<p>A quarta-feira (21.09) \u00e9 dia de festa em C\u00e1ceres. Al\u00e9m das comemora\u00e7\u00f5es do anivers\u00e1rio de 44 anos do Sindicato Rural, o presidente Jeremias Pereira Leite recebe associados, imprensa e parceiros para o lan\u00e7amento da I Agrotec \u2013 Feira Tecnologia de C\u00e1ceres &#8211; que ser\u00e1 realizada entre os dias cinco e nove de outubro, paralelamente \u00e0 [&hellip;]<\/p>\n","protected":false},"author":1,"featured_media":2757,"comment_status":"open","ping_status":"open","sticky":false,"template":"","format":"standard","meta":{"advgb_blocks_editor_width":"","advgb_blocks_columns_visual_guide":"","footnotes":""},"categories":[1],"tags":[],"class_list":["post-10012","post","type-post","status-publish","format-standard","has-post-thumbnail","hentry","category-geral"],"acf":[],"author_meta":{"display_name":"siteadmin","author_link":"https:\/\/sistemafamato.org.br\/senarmt\/author\/siteadmin\/"},"featured_img":"https:\/\/sistemafamato.org.br\/senarmt\/wp-content\/uploads\/sites\/2\/2016\/09\/21092016111325-300x124.jpg","coauthors":[],"tax_additional":{"categories":{"linked":["<a href=\"https:\/\/sistemafamato.org.br\/senarmt\/category\/geral\/\" class=\"advgb-post-tax-term\">Geral<\/a>"],"unlinked":["<span class=\"advgb-post-tax-term\">Geral<\/span>"]}},"comment_count":"0","relative_dates":{"created":"Publicado 10 anos atr\u00e1s","modified":"Atualizado 10 anos atr\u00e1s"},"absolute_dates":{"created":"Publicado em 21 de setembro de 2016","modified":"Atualizado em 21 de setembro de 2016"},"absolute_dates_time":{"created":"Publicado em 21 de setembro de 2016 11:15","modified":"Atualizado em 21 de setembro de 2016 11:15"},"featured_img_caption":"","series_order":"","_links":{"self":[{"href":"https:\/\/sistemafamato.org.br\/senarmt\/wp-json\/wp\/v2\/posts\/10012","targetHints":{"allow":["GET"]}}],"collection":[{"href":"https:\/\/sistemafamato.org.br\/senarmt\/wp-json\/wp\/v2\/posts"}],"about":[{"href":"https:\/\/sistemafamato.org.br\/senarmt\/wp-json\/wp\/v2\/types\/post"}],"author":[{"embeddable":true,"href":"https:\/\/sistemafamato.org.br\/senarmt\/wp-json\/wp\/v2\/users\/1"}],"replies":[{"embeddable":true,"href":"https:\/\/sistemafamato.org.br\/senarmt\/wp-json\/wp\/v2\/comments?post=10012"}],"version-history":[{"count":0,"href":"https:\/\/sistemafamato.org.br\/senarmt\/wp-json\/wp\/v2\/posts\/10012\/revisions"}],"wp:featuredmedia":[{"embeddable":true,"href":"https:\/\/sistemafamato.org.br\/senarmt\/wp-json\/wp\/v2\/media\/2757"}],"wp:attachment":[{"href":"https:\/\/sistemafamato.org.br\/senarmt\/wp-json\/wp\/v2\/media?parent=10012"}],"wp:term":[{"taxonomy":"category","embeddable":true,"href":"https:\/\/sistemafamato.org.br\/senarmt\/wp-json\/wp\/v2\/categories?post=10012"},{"taxonomy":"post_tag","embeddable":true,"href":"https:\/\/sistemafamato.org.br\/senarmt\/wp-json\/wp\/v2\/tags?post=10012"}],"curies":[{"name":"wp","href":"https:\/\/api.w.org\/{rel}","templated":true}]}}