{"id":10007,"date":"2016-09-16T08:33:51","date_gmt":"2016-09-16T11:33:51","guid":{"rendered":"https:\/\/sistemafamato.org.br\/senarmt\/2016\/09\/16\/senar-mt-e-ampa-inauguram-centro-de-treinamento-em-campo-novo-nesta-sexta-16-09\/"},"modified":"2016-09-16T08:33:51","modified_gmt":"2016-09-16T11:33:51","slug":"senar-mt-e-ampa-inauguram-centro-de-treinamento-em-campo-novo-nesta-sexta-16-09","status":"publish","type":"post","link":"https:\/\/sistemafamato.org.br\/senarmt\/2016\/09\/16\/senar-mt-e-ampa-inauguram-centro-de-treinamento-em-campo-novo-nesta-sexta-16-09\/","title":{"rendered":"SENAR-MT e AMPA inauguram Centro de Treinamento em Campo Novo nesta sexta (16.09)"},"content":{"rendered":"<p>\nSer\u00e1 inaugurado nesta sexta-feira (16.09) o Centro de Treinamento e Difus\u00e3o Tecnol\u00f3gica de Campo Novo do Parecis. O evento acontece a partir das 14 horas. Na ocasi\u00e3o ser\u00e1 firmada uma parceria entre o Servi\u00e7o Nacional de Aprendizagem Rural de Mato Grosso (SENAR-MT) e a Associa\u00e7\u00e3o Mato-grossense dos Produtores de Algod\u00e3o (Ampa).<\/p>\n<p>\n\u00a0<\/p>\n<p>\nCom uma \u00e1rea de 30 hectares, a proposta de constru\u00e7\u00e3o dessa unidade visa atender a uma demanda dos produtores associados \u00e0 Ampa por m\u00e3o de obra qualificada. E, nesse sentido, foi firmada a parceria com o SENAR-MT, que, no caso de Campo Novo do Parecis e de Sorriso, ficar\u00e1 respons\u00e1vel pela maioria dos cursos e treinamentos oferecidos. Contudo, o IMAmt continuar\u00e1 oferecendo cursos e treinamentos espec\u00edficos para a cadeia do algod\u00e3o.<\/p>\n<p>\n\u00a0<\/p>\n<p>\nNo Centro de Treinamento e Difus\u00e3o Tecnol\u00f3gica, de Campo Novo do Parecis o SENAR-MT oferece o Rede e Tec, Qualifica\u00e7\u00f5es, programas especiais, treinamentos, dias de campo, palestras, oficinas e diversas outras a\u00e7\u00f5es educacionais. O Rede e Tec \u00e9 um curso T\u00e9cnico em Agroneg\u00f3cio com dura\u00e7\u00e3o de dois anos na modalidade a dist\u00e2ncia, com carga hor\u00e1ria de 1.230. Destas, 20% destinadas a encontros presenciais e 80% a dist\u00e2ncia. \u00c9 um curso com conte\u00fado pr\u00e1tico, considerado ideal para jovens e adultos que vivem e trabalham no campo. As turmas s\u00e3o de 50 alunos.<\/p>\n<p>\n\u00a0<\/p>\n<p>\nAl\u00e9m da Rede e Tec, o SENAR-MT tamb\u00e9m ofertar\u00e1 treinamentos com carga hor\u00e1ria de 24 a 40 horas que ir\u00e3o preparar profissionais para atuarem em diversas \u00e1reas. Dentre elas, a de Manejo Integrado de Pragas (MIP), Manejo e Conserva\u00e7\u00e3o do Solo, Sa\u00fade e Seguran\u00e7a no Trabalho e M\u00e1quinas e Implementos Agr\u00edcolas.<\/p>\n<p>\n\u00a0<\/p>\n<p>\nJ\u00e1 as qualifica\u00e7\u00f5es ofertadas pela institui\u00e7\u00e3o de ensino nos Centros de Treinamento tanto de Campo Novo, como no de Sorriso tem carga hor\u00e1ria que oscila entre 80 e 120 horas. Dentre os mais solicitados est\u00e3o os de Operador de M\u00e1quinas Agr\u00edcolas; Qualifica\u00e7\u00e3o em Agricultura de Precis\u00e3o; Gest\u00e3o de Propriedades Rurais, Mec\u00e2nico de Tratores, Opera\u00e7\u00e3o e Manuten\u00e7\u00e3o de P\u00e1 Carregadeira, Opera\u00e7\u00e3o e Manuten\u00e7\u00e3o de Empilhadeira.<\/p>\n<p>\n\u00a0<\/p>\n<p>\nMas n\u00e3o \u00e9 s\u00f3 isso. H\u00e1 tamb\u00e9m os Programas Especiais como o Sucess\u00e3o Familiar, que tem por objetivo geral mostrar aos participantes como se d\u00e1 o processo sucess\u00f3rio para o crescimento, desenvolvimento, longevidade e sucesso nas empresas familiares do agroneg\u00f3cio.<\/p>\n<p>\n\u00a0<\/p>\n<p>\nCampo Aprendiz \u00e9 outro Programa Especial que tamb\u00e9m \u00e9 ofertado nos Centro de Treinamentos. O objetivo \u00e9 realizar t\u00e9cnicas corretas na opera\u00e7\u00e3o, regulagem e manuten\u00e7\u00e3o de tratores agr\u00edcolas. Al\u00e9m disso, o SENAR-MT tamb\u00e9m oferece palestras, oficinas e dias de campo. Os interessados devem procurar o Sindicato Rural de Campo Novo do Parecis para saber qual a programa\u00e7\u00e3o de cursos que ser\u00e3o realizados no Centro de Treinamento nos pr\u00f3ximos meses e verificar se h\u00e1 vagas.<\/p>\n<p>\n\u00a0<\/p>\n<p>\nOs Centro de Treinamentos e Difus\u00e3o Tecnol\u00f3gica tamb\u00e9m ser\u00e3o utilizados para o desenvolvimento e difus\u00e3o de novas tecnologias para o atual sistema produtivo adotado no cerrado. O objetivo \u00e9 realizar trabalhos de pesquisa voltados para as necessidades dos produtores de cada n\u00facleo regional. Al\u00e9m do SENAR-MT, o IMAmt tamb\u00e9m firmou parcerias com institui\u00e7\u00f5es como a Embrapa, a Universidade Federal de Mato Grosso (UFMT) e o Instituto Federal de Educa\u00e7\u00e3o, Ci\u00eancia e Tecnologia de Mato Grosso (IFMT).<\/p>\n<p>\n\u00a0<\/p>\n<p>\nO Senar-MT faz parte de um conjunto de entidades que formam o Sistema Famato, assim como a Federa\u00e7\u00e3o, o Imea e os 90 sindicatos rurais do Estado. Essas entidades d\u00e3o suporte para o desenvolvimento sustent\u00e1vel do agroneg\u00f3cio. O Senar est\u00e1 no Facebook e no Instagram. Curta a Fan Page\u00a0<a href=\"http:\/\/www.facebook.com\/SenarMt\">www.facebook.com\/SenarMt<\/a>\u00a0e a conta\u00a0<a href=\"https:\/\/instagram.com\/senar_mt\/\">@senar_mt<\/a>.<\/p>\n<p>\n\u00a0<\/p>\n","protected":false},"excerpt":{"rendered":"<p>Ser\u00e1 inaugurado nesta sexta-feira (16.09) o Centro de Treinamento e Difus\u00e3o Tecnol\u00f3gica de Campo Novo do Parecis. O evento acontece a partir das 14 horas. Na ocasi\u00e3o ser\u00e1 firmada uma parceria entre o Servi\u00e7o Nacional de Aprendizagem Rural de Mato Grosso (SENAR-MT) e a Associa\u00e7\u00e3o Mato-grossense dos Produtores de Algod\u00e3o (Ampa). \u00a0 Com uma \u00e1rea [&hellip;]<\/p>\n","protected":false},"author":1,"featured_media":2747,"comment_status":"open","ping_status":"open","sticky":false,"template":"","format":"standard","meta":{"advgb_blocks_editor_width":"","advgb_blocks_columns_visual_guide":"","footnotes":""},"categories":[1],"tags":[],"class_list":["post-10007","post","type-post","status-publish","format-standard","has-post-thumbnail","hentry","category-geral"],"acf":[],"author_meta":{"display_name":"siteadmin","author_link":"https:\/\/sistemafamato.org.br\/senarmt\/author\/siteadmin\/"},"featured_img":"https:\/\/sistemafamato.org.br\/senarmt\/wp-content\/uploads\/sites\/2\/2016\/09\/16092016083151-300x201.jpg","coauthors":[],"tax_additional":{"categories":{"linked":["<a href=\"https:\/\/sistemafamato.org.br\/senarmt\/category\/geral\/\" class=\"advgb-post-tax-term\">Geral<\/a>"],"unlinked":["<span class=\"advgb-post-tax-term\">Geral<\/span>"]}},"comment_count":"0","relative_dates":{"created":"Publicado 10 anos atr\u00e1s","modified":"Atualizado 10 anos atr\u00e1s"},"absolute_dates":{"created":"Publicado em 16 de setembro de 2016","modified":"Atualizado em 16 de setembro de 2016"},"absolute_dates_time":{"created":"Publicado em 16 de setembro de 2016 08:33","modified":"Atualizado em 16 de setembro de 2016 08:33"},"featured_img_caption":"","series_order":"","_links":{"self":[{"href":"https:\/\/sistemafamato.org.br\/senarmt\/wp-json\/wp\/v2\/posts\/10007","targetHints":{"allow":["GET"]}}],"collection":[{"href":"https:\/\/sistemafamato.org.br\/senarmt\/wp-json\/wp\/v2\/posts"}],"about":[{"href":"https:\/\/sistemafamato.org.br\/senarmt\/wp-json\/wp\/v2\/types\/post"}],"author":[{"embeddable":true,"href":"https:\/\/sistemafamato.org.br\/senarmt\/wp-json\/wp\/v2\/users\/1"}],"replies":[{"embeddable":true,"href":"https:\/\/sistemafamato.org.br\/senarmt\/wp-json\/wp\/v2\/comments?post=10007"}],"version-history":[{"count":0,"href":"https:\/\/sistemafamato.org.br\/senarmt\/wp-json\/wp\/v2\/posts\/10007\/revisions"}],"wp:featuredmedia":[{"embeddable":true,"href":"https:\/\/sistemafamato.org.br\/senarmt\/wp-json\/wp\/v2\/media\/2747"}],"wp:attachment":[{"href":"https:\/\/sistemafamato.org.br\/senarmt\/wp-json\/wp\/v2\/media?parent=10007"}],"wp:term":[{"taxonomy":"category","embeddable":true,"href":"https:\/\/sistemafamato.org.br\/senarmt\/wp-json\/wp\/v2\/categories?post=10007"},{"taxonomy":"post_tag","embeddable":true,"href":"https:\/\/sistemafamato.org.br\/senarmt\/wp-json\/wp\/v2\/tags?post=10007"}],"curies":[{"name":"wp","href":"https:\/\/api.w.org\/{rel}","templated":true}]}}