{"id":10004,"date":"2016-09-15T09:06:40","date_gmt":"2016-09-15T12:06:40","guid":{"rendered":"https:\/\/sistemafamato.org.br\/senarmt\/2016\/09\/15\/assistencia-tecnica-e-gerencial-e-essencial-para-resiliencia-climatica\/"},"modified":"2016-09-15T09:06:40","modified_gmt":"2016-09-15T12:06:40","slug":"assistencia-tecnica-e-gerencial-e-essencial-para-resiliencia-climatica","status":"publish","type":"post","link":"https:\/\/sistemafamato.org.br\/senarmt\/2016\/09\/15\/assistencia-tecnica-e-gerencial-e-essencial-para-resiliencia-climatica\/","title":{"rendered":"Assist\u00eancia T\u00e9cnica e Gerencial \u00e9 essencial para resili\u00eancia clim\u00e1tica"},"content":{"rendered":"<p>\n<strong>Bras&iacute;lia (14\/09\/2016) &ndash;<\/strong> Uma agropecu&aacute;ria sustent&aacute;vel, que respeita o meio ambiente, passa pela Assist&ecirc;ncia T&eacute;cnica e Gerencial das propriedades. Essa &eacute; a principal conclus&atilde;o do painel que tratou do assunto durante o 1&ordm; Semin&aacute;rio Internacional Resili&ecirc;ncia Clim&aacute;tica e Descarboniza&ccedil;&atilde;o da Economia, promovido pela Confedera&ccedil;&atilde;o da Agricultura e Pecu&aacute;ria do Brasil (CNA) e pelo Servi&ccedil;o Nacional de Aprendizagem Rural (SENAR), nesta quarta-feira (14\/9), em Bras&iacute;lia.<\/p>\n<p>\n&nbsp;<\/p>\n<p>\nO painel apresentou as a&ccedil;&otilde;es de adapta&ccedil;&atilde;o, mitiga&ccedil;&atilde;o e resili&ecirc;ncia clim&aacute;tica que tornam o SENAR um catalisador de todo o processo, por meio de capacita&ccedil;&atilde;o e Assist&ecirc;ncia T&eacute;cnica e Gerencial (ATeG) ao pequeno e m&eacute;dio produtor. A metodologia da entidade promove gera&ccedil;&atilde;o e diversifica&ccedil;&atilde;o de renda, incorpora&ccedil;&atilde;o de tecnologias e sistemas agr&iacute;colas resilientes para fixar e estocar carbono, seguran&ccedil;a alimentar, sucess&atilde;o familiar, fixa&ccedil;&atilde;o do produtor no campo e ganho de escala de produ&ccedil;&atilde;o. Hoje, a entidade conta com 2 mil t&eacute;cnicos de campo e atende 40 mil produtores rurais.<\/p>\n<p>\n&nbsp;<\/p>\n<p>\n&quot;Eu n&atilde;o tenho a menor d&uacute;vida de que sem a produ&ccedil;&atilde;o assistida, sem a Assist&ecirc;ncia T&eacute;cnica e Gerencial, o produtor ter&aacute; dificuldade para encarar os desafios das mudan&ccedil;as clim&aacute;ticas. Temos que juntar pesquisa com implementa&ccedil;&atilde;o tecnol&oacute;gica, o que s&oacute; se d&aacute; atrav&eacute;s de Assist&ecirc;ncia T&eacute;cnica e Gerencial. O que estamos nos propondo a fazer &eacute; um estudo econ&ocirc;mico da melhor solu&ccedil;&atilde;o tecnol&oacute;gica a ser implementada dentro da realidade de cada propriedade&quot;, destaca o secret&aacute;rio executivo do SENAR, Daniel Carrara.<\/p>\n<p>\n&nbsp;<\/p>\n<p>\nO debate foi moderado pelo superintendente do SENAR\/MS, Rog&eacute;rio Beretta, e contou com a participa&ccedil;&atilde;o do coordenador nacional de Assist&ecirc;ncia T&eacute;cnica e Gerencial (ATeG) do SENAR, Matheus Ferreira; do vice-presidente da Federa&ccedil;&atilde;o da Agricultura e Pecu&aacute;ria do Estado da Bahia (FAEB), Humberto Miranda Oliveira; e do CEO da Uni&atilde;o Brasileira do Biodiesel e Bioquerosene (Ubrabio), Donizete Tokarski.<\/p>\n<p>\n&nbsp;<\/p>\n<p>\nMatheus Ferreira falou sobre a Assist&ecirc;ncia T&eacute;cnica e Gerencial e explicou como funciona o modelo desenvolvido pelo SENAR. Entre os destaques da apresenta&ccedil;&atilde;o, os avan&ccedil;os alcan&ccedil;ados em alguns estados, como no Esp&iacute;rito Santo, onde a cafeicultura teve um aumento de 52,4% de produtividade de uma safra para outra depois que a ATeG Caf&eacute; foi implementada. Em Mato Grosso do Sul, o trabalho do Programa Mais Inova&ccedil;&atilde;o, do SENAR\/MS, elevou a produtividade da pecu&aacute;ria de corte em 3,6 vezes, de 2012 a 2016, e evitou o desmatamento de quase 85 mil hectares.<\/p>\n<p>\n&nbsp;<\/p>\n<p>\n&quot;Entendemos que a assist&ecirc;ncia t&eacute;cnica &eacute; o principal vetor para o Brasil cumprir as metas assumidas no Acordo de Paris. O SENAR est&aacute; preparado para levar Assist&ecirc;ncia T&eacute;cnica e Gerencial para todos que tiverem interesse em participar desse processo de evolu&ccedil;&atilde;o. O produtor precisa aprender que o clima muda e que ele deve se adaptar e aplicar tecnologias para vencer essas adversidades. Queremos mostrar que essas tecnologias s&atilde;o vi&aacute;veis e que, no final, trazem ganhos econ&ocirc;micos para o produtor&quot;, declara Matheus Ferreira.<\/p>\n<p>\n&nbsp;<\/p>\n<p>\nHumberto Miranda Oliveira trouxe os resultados que a ATeG est&aacute; proporcionando para os produtores rurais na Bahia. O servi&ccedil;o &eacute; oferecido dentro do Programa PRO-SENAR, desde 2010, e atende hoje, aproximadamente, 3.500 produtores no estado. &quot;Foi uma transforma&ccedil;&atilde;o significativa, eu diria que uma revolu&ccedil;&atilde;o para os produtores que s&atilde;o acompanhados. O conhecimento, a mudan&ccedil;a comportamental e a assist&ecirc;ncia t&eacute;cnica tem o poder de transformar vidas, mas nada disso &eacute; poss&iacute;vel se n&atilde;o houver retorno econ&ocirc;mico. Esse &eacute; o grande pilar estrutural para a fixa&ccedil;&atilde;o do homem no campo, a sucess&atilde;o familiar e a sustentabilidade ambiental&quot;, aponta.<\/p>\n<p>\n&nbsp;<\/p>\n<p>\nNa opini&atilde;o do superintendente do SENAR\/MS, um dos pontos fundamentais para o avan&ccedil;o da ATeG &eacute; o acompanhamento permanente de dados e resultados. Segundo ele, esses &iacute;ndices permitem que o produtor fa&ccedil;a compara&ccedil;&otilde;es e verifique se est&aacute; elevando a sua produtividade. Por outro lado, ressalta Beretta, o t&eacute;cnico tamb&eacute;m &eacute; beneficiado, pois consegue comprovar que o seu trabalho est&aacute; proporcionando melhorias na propriedade. &quot;Sem esses dados, o produtor n&atilde;o tem como verificar se est&aacute; no caminho certo, se os seus &iacute;ndices est&atilde;o crescendo e, muitas vezes, acaba questionando o trabalho do t&eacute;cnico. S&atilde;o informa&ccedil;&otilde;es que v&atilde;o ajudar na gest&atilde;o da propriedade e trazer seguran&ccedil;a para ambos&quot;.<\/p>\n<p>\n&nbsp;<\/p>\n<p>\n<span style=\"margin: 0px; padding: 0px; color: rgb(35, 31, 32); font-family: Tahoma, Geneva, sans-serif; font-size: 14px; line-height: 21px; text-align: justify;\">O Senar-MT faz parte de um conjunto de entidades que formam o Sistema Famato. Essas entidades d&atilde;o suporte para o desenvolvimento sustent&aacute;vel do agroneg&oacute;cio. &Eacute; formado ainda pela Famato, Imea e pelos 89 sindicatos rurais do Estado. O Senar est&aacute; no Facebook e no Instagram. Curta a Fan Page&nbsp;<\/span><a href=\"http:\/\/www.facebook.com\/SenarMt\" style=\"margin: 0px; padding: 0px; font-family: Tahoma, Geneva, sans-serif; font-size: 14px; line-height: 21px; text-align: justify;\">www.facebook.com\/SenarMt<\/a><span style=\"margin: 0px; padding: 0px; color: rgb(35, 31, 32); font-family: Tahoma, Geneva, sans-serif; font-size: 14px; line-height: 21px; text-align: justify;\">&nbsp;e a conta<\/span><a href=\"https:\/\/www.instagram.com\/senar_mt\/?hl=pt-br\" style=\"margin: 0px; padding: 0px; font-family: Tahoma, Geneva, sans-serif; font-size: 14px; line-height: 21px; text-align: justify;\">&nbsp;@senar_mt<\/a><span style=\"margin: 0px; padding: 0px; color: rgb(35, 31, 32); font-family: Tahoma, Geneva, sans-serif; font-size: 14px; line-height: 21px; text-align: justify;\">.<\/span><\/p>\n","protected":false},"excerpt":{"rendered":"<p>Bras&iacute;lia (14\/09\/2016) &ndash; Uma agropecu&aacute;ria sustent&aacute;vel, que respeita o meio ambiente, passa pela Assist&ecirc;ncia T&eacute;cnica e Gerencial das propriedades. Essa &eacute; a principal conclus&atilde;o do painel que tratou do assunto durante o 1&ordm; Semin&aacute;rio Internacional Resili&ecirc;ncia Clim&aacute;tica e Descarboniza&ccedil;&atilde;o da Economia, promovido pela Confedera&ccedil;&atilde;o da Agricultura e Pecu&aacute;ria do Brasil (CNA) e pelo Servi&ccedil;o Nacional [&hellip;]<\/p>\n","protected":false},"author":1,"featured_media":2741,"comment_status":"open","ping_status":"open","sticky":false,"template":"","format":"standard","meta":{"advgb_blocks_editor_width":"","advgb_blocks_columns_visual_guide":"","footnotes":""},"categories":[1],"tags":[],"class_list":["post-10004","post","type-post","status-publish","format-standard","has-post-thumbnail","hentry","category-geral"],"acf":[],"author_meta":{"display_name":"siteadmin","author_link":"https:\/\/sistemafamato.org.br\/senarmt\/author\/siteadmin\/"},"featured_img":"https:\/\/sistemafamato.org.br\/senarmt\/wp-content\/uploads\/sites\/2\/2016\/09\/15092016090633-300x200.jpg","coauthors":[],"tax_additional":{"categories":{"linked":["<a href=\"https:\/\/sistemafamato.org.br\/senarmt\/category\/geral\/\" class=\"advgb-post-tax-term\">Geral<\/a>"],"unlinked":["<span class=\"advgb-post-tax-term\">Geral<\/span>"]}},"comment_count":"0","relative_dates":{"created":"Publicado 10 anos atr\u00e1s","modified":"Atualizado 10 anos atr\u00e1s"},"absolute_dates":{"created":"Publicado em 15 de setembro de 2016","modified":"Atualizado em 15 de setembro de 2016"},"absolute_dates_time":{"created":"Publicado em 15 de setembro de 2016 09:06","modified":"Atualizado em 15 de setembro de 2016 09:06"},"featured_img_caption":"","series_order":"","_links":{"self":[{"href":"https:\/\/sistemafamato.org.br\/senarmt\/wp-json\/wp\/v2\/posts\/10004","targetHints":{"allow":["GET"]}}],"collection":[{"href":"https:\/\/sistemafamato.org.br\/senarmt\/wp-json\/wp\/v2\/posts"}],"about":[{"href":"https:\/\/sistemafamato.org.br\/senarmt\/wp-json\/wp\/v2\/types\/post"}],"author":[{"embeddable":true,"href":"https:\/\/sistemafamato.org.br\/senarmt\/wp-json\/wp\/v2\/users\/1"}],"replies":[{"embeddable":true,"href":"https:\/\/sistemafamato.org.br\/senarmt\/wp-json\/wp\/v2\/comments?post=10004"}],"version-history":[{"count":0,"href":"https:\/\/sistemafamato.org.br\/senarmt\/wp-json\/wp\/v2\/posts\/10004\/revisions"}],"wp:featuredmedia":[{"embeddable":true,"href":"https:\/\/sistemafamato.org.br\/senarmt\/wp-json\/wp\/v2\/media\/2741"}],"wp:attachment":[{"href":"https:\/\/sistemafamato.org.br\/senarmt\/wp-json\/wp\/v2\/media?parent=10004"}],"wp:term":[{"taxonomy":"category","embeddable":true,"href":"https:\/\/sistemafamato.org.br\/senarmt\/wp-json\/wp\/v2\/categories?post=10004"},{"taxonomy":"post_tag","embeddable":true,"href":"https:\/\/sistemafamato.org.br\/senarmt\/wp-json\/wp\/v2\/tags?post=10004"}],"curies":[{"name":"wp","href":"https:\/\/api.w.org\/{rel}","templated":true}]}}