{"id":10002,"date":"2016-09-14T12:02:04","date_gmt":"2016-09-14T15:02:04","guid":{"rendered":"https:\/\/sistemafamato.org.br\/senarmt\/2016\/09\/14\/senar-mt-realiza-sipat-em-sete-municipios-de-mato-grosso\/"},"modified":"2016-09-14T12:02:04","modified_gmt":"2016-09-14T15:02:04","slug":"senar-mt-realiza-sipat-em-sete-municipios-de-mato-grosso","status":"publish","type":"post","link":"https:\/\/sistemafamato.org.br\/senarmt\/2016\/09\/14\/senar-mt-realiza-sipat-em-sete-municipios-de-mato-grosso\/","title":{"rendered":"SENAR-MT realiza SIPAT em sete munic\u00edpios de Mato Grosso"},"content":{"rendered":"<p>\nSeguran\u00e7a \u00e9 sa\u00fade. Pratique essa ideia. O Servi\u00e7o Nacional de Aprendizagem Rural de Mato Grosso (SENAR-MT) passa a oferecer no seu portf\u00f3lio mais um produto: O SIPAT-SENAR (Semana Interna de Preven\u00e7\u00e3o ao Acidente de Trabalho). Entre os dias 17 de setembro e 13 de outubro a institui\u00e7\u00e3o de ensino realizar\u00e1 eventos em sete munic\u00edpios mato-grossenses.<\/p>\n<p>\n\u00a0<\/p>\n<p>\nA ideia \u00e9 contribuir com as empresas do meio rural que precisam realizar o SIPAT, que \u00e9 uma exig\u00eancia legal. O objetivo \u00e9 instruir os trabalhadores sobre a import\u00e2ncia da preven\u00e7\u00e3o para evitar acidentes de trabalho e valorizar os cuidados com a sa\u00fade. \u00a0A conscientiza\u00e7\u00e3o dos trabalhadores \u00e9 uma obriga\u00e7\u00e3o de cada empresa e dos respons\u00e1veis e \u00e9 regulamentada na legisla\u00e7\u00e3o trabalhista. Para atender essa demanda foi criada a Semana Interna de Preven\u00e7\u00e3o ao Acidente de Trabalho (SIPAT) que \u00e9 uma exig\u00eancia para todas as empresas brasileiras.<\/p>\n<p>\n\u00a0<\/p>\n<p>\nEstes eventos realizados pelo SENAR-MT e parceiros oferecem cinco tipos de palestras teatralizadas e mais uma com v\u00e1rios temas relacionados com a sa\u00fade. Al\u00e9m disso, tamb\u00e9m est\u00e1 dispon\u00edvel outros servi\u00e7os como atendimento odontol\u00f3gico, testes r\u00e1pidos de IMC (C\u00e1lculo do \u00cdndice da Massa Corporal), glicose, colesterol e triglic\u00e9rides. H\u00e1 tamb\u00e9m o corte de cabelo, gincana esportiva e oficina de auto maquiagem. Mas n\u00e3o \u00e9 s\u00f3 isso. H\u00e1 tamb\u00e9m exames cl\u00ednicos m\u00e9dicos, de acuidade visual, espirometria, eletrocardiograma, hemograma e glicemia em jejum.<\/p>\n<p>\n\u00a0<\/p>\n<p>\nOs interessados em demandar o SIPAT-SENAR, deve procurar o Sindicato Rural de seu munic\u00edpio. Mais informa\u00e7\u00f5es no <a href=\"http:\/\/www.senarmt.org.br\">www.senarmt.org.br<\/a><\/p>\n<p>\n\u00a0<\/p>\n<p>\nO Senar-MT faz parte de um conjunto de entidades que formam o Sistema Famato, assim como a Federa\u00e7\u00e3o, o Imea e os 90 sindicatos rurais do Estado. Essas entidades d\u00e3o suporte para o desenvolvimento sustent\u00e1vel do agroneg\u00f3cio. O Senar est\u00e1 no Facebook e no Instagram. Curta a Fan Page\u00a0<a href=\"http:\/\/www.facebook.com\/SenarMt\">www.facebook.com\/SenarMt<\/a>\u00a0e a conta\u00a0<a href=\"https:\/\/instagram.com\/senar_mt\/\">@senar_mt<\/a>.<\/p>\n<p>\n\u00a0<\/p>\n<p>\n<strong>Confira a programa\u00e7\u00e3o abaixo<\/strong><\/p>\n<p>\n<strong>PROGRAMA\u00c7\u00c3O DO SIPAT <\/strong><\/p>\n<p>\nS\u00e1bado (17.09) \u2013 Porto Alegre do Norte<\/p>\n<p>\nSegunda-feira (19.09) \u2013 Porto Alegre do Norte<\/p>\n<p>\nTer\u00e7a-feira (20.09) \u2013 Confresa<\/p>\n<p>\nS\u00e1bado (24.09) \u2013 Confresa<\/p>\n<p>\nQuarta-feira (28.09) \u2013 Santa Cruz do Xingu<\/p>\n<p>\nTer\u00e7a-feira (11.10) \u2013 S\u00e3o Jos\u00e9 do Xingu<\/p>\n<p>\nQuarta-feira (12.10) \u2013 S\u00e3o Jos\u00e9 do Xingu<\/p>\n<p>\nQuinta-feira (13.10) \u2013 Vila Rica<\/p>\n<p>\nSexta-feira (14.10) \u2013 Vila Rica<\/p>\n<p>\nQuinta-feira (20.10) \u2013 Col\u00edder<\/p>\n<p>\n\u00a0<\/p>\n","protected":false},"excerpt":{"rendered":"<p>Seguran\u00e7a \u00e9 sa\u00fade. Pratique essa ideia. O Servi\u00e7o Nacional de Aprendizagem Rural de Mato Grosso (SENAR-MT) passa a oferecer no seu portf\u00f3lio mais um produto: O SIPAT-SENAR (Semana Interna de Preven\u00e7\u00e3o ao Acidente de Trabalho). Entre os dias 17 de setembro e 13 de outubro a institui\u00e7\u00e3o de ensino realizar\u00e1 eventos em sete munic\u00edpios mato-grossenses. [&hellip;]<\/p>\n","protected":false},"author":1,"featured_media":2737,"comment_status":"open","ping_status":"open","sticky":false,"template":"","format":"standard","meta":{"advgb_blocks_editor_width":"","advgb_blocks_columns_visual_guide":"","footnotes":""},"categories":[1],"tags":[],"class_list":["post-10002","post","type-post","status-publish","format-standard","has-post-thumbnail","hentry","category-geral"],"acf":[],"author_meta":{"display_name":"siteadmin","author_link":"https:\/\/sistemafamato.org.br\/senarmt\/author\/siteadmin\/"},"featured_img":"https:\/\/sistemafamato.org.br\/senarmt\/wp-content\/uploads\/sites\/2\/2016\/09\/14092016120115-300x246.jpg","coauthors":[],"tax_additional":{"categories":{"linked":["<a href=\"https:\/\/sistemafamato.org.br\/senarmt\/category\/geral\/\" class=\"advgb-post-tax-term\">Geral<\/a>"],"unlinked":["<span class=\"advgb-post-tax-term\">Geral<\/span>"]}},"comment_count":"0","relative_dates":{"created":"Publicado 10 anos atr\u00e1s","modified":"Atualizado 10 anos atr\u00e1s"},"absolute_dates":{"created":"Publicado em 14 de setembro de 2016","modified":"Atualizado em 14 de setembro de 2016"},"absolute_dates_time":{"created":"Publicado em 14 de setembro de 2016 12:02","modified":"Atualizado em 14 de setembro de 2016 12:02"},"featured_img_caption":"","series_order":"","_links":{"self":[{"href":"https:\/\/sistemafamato.org.br\/senarmt\/wp-json\/wp\/v2\/posts\/10002","targetHints":{"allow":["GET"]}}],"collection":[{"href":"https:\/\/sistemafamato.org.br\/senarmt\/wp-json\/wp\/v2\/posts"}],"about":[{"href":"https:\/\/sistemafamato.org.br\/senarmt\/wp-json\/wp\/v2\/types\/post"}],"author":[{"embeddable":true,"href":"https:\/\/sistemafamato.org.br\/senarmt\/wp-json\/wp\/v2\/users\/1"}],"replies":[{"embeddable":true,"href":"https:\/\/sistemafamato.org.br\/senarmt\/wp-json\/wp\/v2\/comments?post=10002"}],"version-history":[{"count":0,"href":"https:\/\/sistemafamato.org.br\/senarmt\/wp-json\/wp\/v2\/posts\/10002\/revisions"}],"wp:featuredmedia":[{"embeddable":true,"href":"https:\/\/sistemafamato.org.br\/senarmt\/wp-json\/wp\/v2\/media\/2737"}],"wp:attachment":[{"href":"https:\/\/sistemafamato.org.br\/senarmt\/wp-json\/wp\/v2\/media?parent=10002"}],"wp:term":[{"taxonomy":"category","embeddable":true,"href":"https:\/\/sistemafamato.org.br\/senarmt\/wp-json\/wp\/v2\/categories?post=10002"},{"taxonomy":"post_tag","embeddable":true,"href":"https:\/\/sistemafamato.org.br\/senarmt\/wp-json\/wp\/v2\/tags?post=10002"}],"curies":[{"name":"wp","href":"https:\/\/api.w.org\/{rel}","templated":true}]}}