{"id":10001,"date":"2016-09-13T11:55:57","date_gmt":"2016-09-13T14:55:57","guid":{"rendered":"https:\/\/sistemafamato.org.br\/senarmt\/2016\/09\/13\/soja-brasil-comeca-por-campos-de-julio-discutindo-sucessao-familiar\/"},"modified":"2016-09-13T11:55:57","modified_gmt":"2016-09-13T14:55:57","slug":"soja-brasil-comeca-por-campos-de-julio-discutindo-sucessao-familiar","status":"publish","type":"post","link":"https:\/\/sistemafamato.org.br\/senarmt\/2016\/09\/13\/soja-brasil-comeca-por-campos-de-julio-discutindo-sucessao-familiar\/","title":{"rendered":"Soja Brasil come\u00e7a por Campos de J\u00falio discutindo sucess\u00e3o familiar"},"content":{"rendered":"<p>\nFoi dada a largada do Soja Brasil etapa Mato Grosso. Campos de J&uacute;lio foi a primeira cidade a receber o programa, nesta segunda-feira (12.09). O munic&iacute;pio, localizado na regi&atilde;o Oeste do Estado, concentra uma produ&ccedil;&atilde;o de cerca de 720 mil toneladas de soja, distribu&iacute;das em uma &aacute;rea de 220 mil hectares.<\/p>\n<p>\n&nbsp;<\/p>\n<p>\nUm dos temas do Soja Brasil neste ano, a Sucess&atilde;o Familiar foi um dos enfoques do evento em Campos de J&uacute;lio. O coordenador de Projetos T&eacute;cnicos do SENAR-MT, Wlademiro Neto, destacou que dentro da gest&atilde;o da propriedade rural, tema central do Soja Brasil nesta edi&ccedil;&atilde;o, a sucess&atilde;o familiar precisa ser planejada desde cedo. &quot;&Eacute; preciso planejar e trabalhar tecnicamente este assunto. Al&eacute;m da palestra apresentada aqui, o SENAR-MT possui ferramentas dispon&iacute;veis para o produtor neste sentido, que &eacute; o programa Sucess&atilde;o Familiar&quot;.<\/p>\n<p>\n&nbsp;<\/p>\n<p>\nNa Fazenda S&atilde;o Francisco, que produz soja, milho e feij&atilde;o em uma &aacute;rea de tr&ecirc;s mil hectares, o propriet&aacute;rio Francisco Dors, j&aacute; divide a gest&atilde;o da propriedade com o filho, Jacson Dors e o genro. O filho &eacute; respons&aacute;vel pela parte administrativa da empresa e trabalha com o pai desde 2005. Ele conta que a sucess&atilde;o se deu de maneira natural e nunca foi imposta. &quot;Hoje temos as fun&ccedil;&otilde;es de cada um dentro da empresa bem definidas&quot;.<\/p>\n<p>\n&nbsp;<\/p>\n<p>\nPara o pai, Francisco Dors, trabalhar em fam&iacute;lia &eacute; o que faz o neg&oacute;cio crescer. &quot;&Eacute; algo que estamos construindo juntos, tomando as decis&otilde;es juntos. Acho que isso &eacute; muito importante para continuar os neg&oacute;cios&quot;.<\/p>\n<p>\n&nbsp;<\/p>\n<p>\nE se depender do neto, filho de Jascon, o pequeno Victor Hugo, de apenas 10 anos, o neg&oacute;cio continuar&aacute; firme. Quando perguntado sobre o que quer ser quando crescer ele logo responde: &quot;Trabalhar na fazenda&quot;.<\/p>\n<p>\n&nbsp;<\/p>\n<p>\nPara o vice-presidente do Sindicato Rural de Campos de J&uacute;lio, Alfredo Tom&eacute;, esta discuss&atilde;o de modelos de gest&atilde;o vem em boa hora, uma vez que os produtores est&atilde;o se preparando para a pr&oacute;xima safra, cujo plantio ter&aacute; in&iacute;cio nesta semana com o fim o vazio sanit&aacute;rio no dia 15 de setembro.<\/p>\n<p>\n&nbsp;<\/p>\n<p>\nNesta ter&ccedil;a-feira (13.09) a programa&ccedil;&atilde;o do Soja Brasil continua em Campos de J&uacute;lio no per&iacute;odo da manh&atilde;, com a realiza&ccedil;&atilde;o da oficina &quot;Implanta&ccedil;&atilde;o de indicadores de desempenho no controle do sistema de produ&ccedil;&atilde;o&quot;. No per&iacute;odo noturno, o evento acontece em Sapezal, a partir das 19h, no parque de exposi&ccedil;&otilde;es.<\/p>\n<p>\n&nbsp;<\/p>\n<p>\n<strong>Programa &#8211;<\/strong> O Soja Brasil &eacute; considerada a maior expedi&ccedil;&atilde;o por lavouras de soja j&aacute; realizada no Brasil.&nbsp; Assim que o plantio da oleaginosa come&ccedil;a, as equipes do SENAR-MT, Canal Rural e parceiros colocam o p&eacute; na estrada para acompanhar todos os detalhes desde a prepara&ccedil;&atilde;o do solo at&eacute; o &uacute;ltimo gr&atilde;o colhido.<\/p>\n<p>\n&nbsp;<\/p>\n<p>\nA &quot;Carrega Brasil&quot;, a carreta do programa, iniciou sua rota por Campos de J&uacute;lio e segue para mais 16 munic&iacute;pios do Estado at&eacute; o dia 07 de outubro. No total ser&atilde;o mais de cinco mil quil&ocirc;metros rodados pela Caravana.<\/p>\n<p>\n&nbsp;<\/p>\n<p>\nEsta edi&ccedil;&atilde;o do Soja Brasil &eacute; um pouco diferente das outras edi&ccedil;&otilde;es, que normalmente aconteciam em duas etapas, sendo a primeira em outubro e a segunda em janeiro do ano seguinte. Neste ano o programa ser&aacute; realizado nos meses de setembro e outubro.<\/p>\n<p>\n&nbsp;<\/p>\n<p>\n<strong>CONFIRA A PROGRAMA&Ccedil;&Atilde;O <\/strong><\/p>\n<p>\n<strong><u>1&ordm; SEMANA<\/u><\/strong><\/p>\n<p>\n<strong><u>Sapezal<\/u><\/strong><\/p>\n<p>\n13 de setembro<\/p>\n<p style=\"margin-left:35.4pt;\">\n19:00 &#8211; Gest&atilde;o de &iacute;ndices, custos e resultados<\/p>\n<p style=\"margin-left:70.8pt;\">\nPalestrante Hyberville Paulo D&rsquo;Athaide Neto<\/p>\n<p style=\"margin-left:35.4pt;\">\n20:00 &#8211; A sucess&atilde;o nas empresas rurais familiares<\/p>\n<p style=\"margin-left:70.8pt;\">\nPalestrante Hugo Monteiro da Cunha &nbsp;<\/p>\n<p>\n14 de setembro<\/p>\n<p style=\"margin-left:70.9pt;\">\n07:30 &#8211; Implanta&ccedil;&atilde;o de indicadores de desempenho no controle do sistema de produ&ccedil;&atilde;o<\/p>\n<p style=\"margin-left:70.8pt;\">\nInstrutor Carlos Guerreiro<\/p>\n<p style=\"margin-left:35.4pt;\">\n10:00 &ndash; Apresenta&ccedil;&atilde;o software Refer&ecirc;ncia (APROSOJA)<\/p>\n<p>\n<strong><u>Campo Novo do Parecis<\/u><\/strong><\/p>\n<p>\n14 de setembro<\/p>\n<p style=\"margin-left:35.4pt;\">\n19:00 &#8211; Gest&atilde;o de &iacute;ndices, custos e resultados<\/p>\n<p style=\"margin-left:70.8pt;\">\nPalestrante Hyberville Paulo D&rsquo;Athaide Neto<\/p>\n<p style=\"margin-left:35.4pt;\">\n20:00 &#8211; A sucess&atilde;o nas empresas rurais familiares<\/p>\n<p style=\"margin-left:70.8pt;\">\nPalestrante Hugo Monteiro da Cunha &nbsp;<\/p>\n<p>\n15 de setembro<\/p>\n<p style=\"margin-left:70.9pt;\">\n07:30 &#8211; Implanta&ccedil;&atilde;o de indicadores de desempenho no controle do sistema de produ&ccedil;&atilde;o<\/p>\n<p style=\"margin-left:70.8pt;\">\nInstrutor Carlos Guerreiro<\/p>\n<p style=\"margin-left:35.4pt;\">\n10:00 &ndash; Apresenta&ccedil;&atilde;o software Refer&ecirc;ncia (APROSOJA)<\/p>\n<p>\n<strong><u>Diamantino<\/u><\/strong><\/p>\n<p>\n15 de setembro<\/p>\n<p style=\"margin-left:35.4pt;\">\n19:00 &#8211; Gest&atilde;o de &iacute;ndices, custos e resultados<\/p>\n<p style=\"margin-left:70.8pt;\">\nPalestrante Hyberville Paulo D&rsquo;Athaide Neto<\/p>\n<p style=\"margin-left:35.4pt;\">\n20:00 &#8211; A sucess&atilde;o nas empresas rurais familiares<\/p>\n<p style=\"margin-left:70.8pt;\">\nPalestrante Hugo Monteiro da Cunha &nbsp;<\/p>\n<p>\n16 de setembro<\/p>\n<p style=\"margin-left:70.9pt;\">\n07:30 &#8211; Implanta&ccedil;&atilde;o de indicadores de desempenho no controle do sistema de produ&ccedil;&atilde;o<\/p>\n<p style=\"margin-left:70.8pt;\">\nInstrutor Carlos Guerreiro<\/p>\n<p style=\"margin-left:35.4pt;\">\n10:00 &ndash; Apresenta&ccedil;&atilde;o software Refer&ecirc;ncia (APROSOJA)<\/p>\n<p>\n<strong><u>Tapurah<\/u><\/strong><\/p>\n<p>\n16 de setembro<\/p>\n<p style=\"margin-left:35.4pt;\">\n19:00 &#8211; Gest&atilde;o de &iacute;ndices, custos e resultados<\/p>\n<p style=\"margin-left:70.8pt;\">\nPalestrante Hyberville Paulo D&rsquo;Athaide Neto<\/p>\n<p style=\"margin-left:35.4pt;\">\n20:00 &#8211; A sucess&atilde;o nas empresas rurais familiares<\/p>\n<p style=\"margin-left:70.8pt;\">\nPalestrante Hugo Monteiro da Cunha e Eduardo Leon<\/p>\n<p>\n17 de setembro<\/p>\n<p style=\"margin-left:35.4pt;\">\n07:30 &#8211; Implanta&ccedil;&atilde;o de indicadores de desempenho no controle do sistema de produ&ccedil;&atilde;o<\/p>\n<p style=\"margin-left:70.8pt;\">\nInstrutor Carlos Guerreiro<\/p>\n<p style=\"margin-left:35.4pt;\">\n10:00 &ndash; Apresenta&ccedil;&atilde;o software Refer&ecirc;ncia (APROSOJA)<\/p>\n<p style=\"margin-left:35.4pt;\">\n&nbsp;<\/p>\n<p>\n<strong><u>2&ordm; SEMANA<\/u><\/strong><\/p>\n<p>\n<br \/>\n<strong><u>Ipiranga do Norte<\/u><\/strong><\/p>\n<p>\n&nbsp;<\/p>\n<p>\n19 de setembro<\/p>\n<p style=\"margin-left:35.4pt;\">\n19:00 &ndash; Gest&atilde;o de &iacute;ndices, custos e resultados<\/p>\n<p style=\"margin-left:70.8pt;\">\nPalestrante Rafael Ribeiro de Lima filho<\/p>\n<p style=\"margin-left:35.4pt;\">\n20:00 &ndash; A sucess&atilde;o nas empresas rurais familiares<\/p>\n<p style=\"margin-left:70.8pt;\">\nPalestrante Eduardo Leon<\/p>\n<p>\n20 de setembro<\/p>\n<p style=\"margin-left:70.9pt;\">\n07:30 &ndash; Implanta&ccedil;&atilde;o de indicadores de desempenho no controle do sistema de produ&ccedil;&atilde;o<\/p>\n<p style=\"margin-left:70.8pt;\">\nInstrutor Carlos Guerreiro<\/p>\n<p style=\"margin-left:35.4pt;\">\n10:00 &ndash; Apresenta&ccedil;&atilde;o software Refer&ecirc;ncia (APROSOJA)<\/p>\n<p>\n<strong><u>Sinop<\/u><\/strong><\/p>\n<p>\n21 de setembro<\/p>\n<p style=\"margin-left:35.4pt;\">\nGest&atilde;o de &iacute;ndices, custos e resultados<\/p>\n<p style=\"margin-left:35.4pt;\">\nPalestrante Rafael Ribeiro de Lima filho<\/p>\n<p>\n<br \/>\n<strong><u>Nova Mutum<\/u><\/strong><\/p>\n<p>\n22 de setembro<\/p>\n<p style=\"margin-left:35.4pt;\">\n19:00 &ndash; Gest&atilde;o de &iacute;ndices, custos e resultados<\/p>\n<p style=\"margin-left:70.8pt;\">\nPalestrante Rafael Ribeiro de Lima filho<\/p>\n<p style=\"margin-left:35.4pt;\">\n20:00 &ndash; A sucess&atilde;o nas empresas rurais familiares<\/p>\n<p style=\"margin-left:70.8pt;\">\nPalestrante Eduardo Leon<\/p>\n<p>\n23 de setembro<\/p>\n<p style=\"margin-left:70.9pt;\">\n07:30 &ndash; Implanta&ccedil;&atilde;o de indicadores de desempenho no controle do sistema de produ&ccedil;&atilde;o<\/p>\n<p style=\"margin-left:70.8pt;\">\nInstrutor Carlos Guerreiro<\/p>\n<p style=\"margin-left:35.4pt;\">\n10:00 &ndash; Apresenta&ccedil;&atilde;o software Refer&ecirc;ncia (APROSOJA)<\/p>\n<p style=\"margin-left:35.4pt;\">\n&nbsp;<\/p>\n<p>\n<strong><u>3&ordm; SEMANA<\/u><\/strong><\/p>\n<p>\n<br \/>\n<strong><u>Quer&ecirc;ncia<\/u><\/strong><\/p>\n<p>\n26 de setembro<\/p>\n<p style=\"margin-left:35.4pt;\">\n19:00 &#8211; Gest&atilde;o de &iacute;ndices, custos e resultados<\/p>\n<p style=\"margin-left:70.8pt;\">\nPalestrante Alex Lopes da Silva<\/p>\n<p style=\"margin-left:70.8pt;\">\n20:00 &#8211; A sucess&atilde;o nas empresas rurais familiares<\/p>\n<p style=\"margin-left:70.8pt;\">\nPalestrantes Felipe Leal\/Charles Daneberg<\/p>\n<p>\n27 de setembro<\/p>\n<p style=\"margin-left:70.9pt;\">\n07:30 &#8211; Implanta&ccedil;&atilde;o de indicadores de desempenho no controle do sistema de produ&ccedil;&atilde;o<\/p>\n<p style=\"margin-left:70.8pt;\">\nInstrutor Carlos Guerreiro<\/p>\n<p style=\"margin-left:35.4pt;\">\n10:00 &ndash; Apresenta&ccedil;&atilde;o software Refer&ecirc;ncia (APROSOJA)<\/p>\n<p>\n<strong><u>Canarana<\/u><\/strong><\/p>\n<p>\n27 de setembro<\/p>\n<p style=\"margin-left:35.4pt;\">\n19:00 &#8211; Gest&atilde;o de &iacute;ndices, custos e resultados<\/p>\n<p style=\"margin-left:70.8pt;\">\nPalestrante Alex Lopes da Silva<\/p>\n<p style=\"margin-left:35.4pt;\">\n20:00 &#8211; A sucess&atilde;o nas empresas rurais familiares<\/p>\n<p style=\"margin-left:70.8pt;\">\nPalestrantes Felipe Leal\/Charles Daneberg<\/p>\n<p>\n28 de setembro<\/p>\n<p style=\"margin-left:70.9pt;\">\n07:30 &#8211; Implanta&ccedil;&atilde;o de indicadores de desempenho no controle do sistema de produ&ccedil;&atilde;o<\/p>\n<p style=\"margin-left:70.8pt;\">\nInstrutor Carlos Guerreiro<\/p>\n<p style=\"margin-left:35.4pt;\">\n10:00 &ndash; Apresenta&ccedil;&atilde;o software Refer&ecirc;ncia (APROSOJA)<\/p>\n<p>\n<strong><u>Ga&uacute;cha do Norte<\/u><\/strong><\/p>\n<p>\n28 de setembro<\/p>\n<p style=\"margin-left:35.4pt;\">\n19:00 &#8211; Gest&atilde;o de &iacute;ndices, custos e resultados<\/p>\n<p style=\"margin-left:70.8pt;\">\nPalestrante Alex Lopes da Silva<\/p>\n<p style=\"margin-left:35.4pt;\">\n20:00 &#8211; A sucess&atilde;o nas empresas rurais familiares<\/p>\n<p style=\"margin-left:70.8pt;\">\nPalestrantes Felipe Leal\/Charles Daneberg<\/p>\n<p>\n29 de setembro<\/p>\n<p style=\"margin-left:70.9pt;\">\n07:30 &#8211; Implanta&ccedil;&atilde;o de indicadores de desempenho no controle do sistema de produ&ccedil;&atilde;o<\/p>\n<p style=\"margin-left:70.8pt;\">\nInstrutor Carlos Guerreiro<\/p>\n<p style=\"margin-left:35.4pt;\">\n10:00 &ndash; Apresenta&ccedil;&atilde;o software Refer&ecirc;ncia (APROSOJA)<\/p>\n<p>\n<strong><u>&Aacute;gua Boa<\/u><\/strong><\/p>\n<p>\n29 de setembro<\/p>\n<p style=\"margin-left:35.4pt;\">\n19:00 &#8211; Gest&atilde;o de &iacute;ndices, custos e resultados<\/p>\n<p style=\"margin-left:70.8pt;\">\nPalestrante Alex Lopes da Silva<\/p>\n<p style=\"margin-left:35.4pt;\">\n20:00 &#8211; A sucess&atilde;o nas empresas rurais familiares<\/p>\n<p style=\"margin-left:70.8pt;\">\nPalestrantes Felipe Leal\/Charles Daneberg<\/p>\n<p>\n30 de setembro<\/p>\n<p style=\"margin-left:70.9pt;\">\n07:30 &#8211; Implanta&ccedil;&atilde;o de indicadores de desempenho no controle do sistema de produ&ccedil;&atilde;o<\/p>\n<p style=\"margin-left:70.8pt;\">\nInstrutor Carlos Guerreiro<\/p>\n<p style=\"margin-left:35.4pt;\">\n10:00 &ndash; Apresenta&ccedil;&atilde;o software Refer&ecirc;ncia (APROSOJA)<\/p>\n<p>\n<strong><u>Nova Xavantina<\/u><\/strong><\/p>\n<p>\n30 de setembro<\/p>\n<p style=\"margin-left:35.4pt;\">\n19:00 &#8211; Gest&atilde;o de &iacute;ndices, custos e resultados<\/p>\n<p style=\"margin-left:70.8pt;\">\nPalestrante Alex Lopes da Silva<\/p>\n<p style=\"margin-left:35.4pt;\">\n20:00 &#8211; A sucess&atilde;o nas empresas rurais familiares<\/p>\n<p style=\"margin-left:70.8pt;\">\nPalestrantes Felipe Leal\/Charles Daneberg<\/p>\n<p>\n01 de outubro<\/p>\n<p style=\"margin-left:35.4pt;\">\n07:30 &#8211; Implanta&ccedil;&atilde;o de indicadores de desempenho no controle do sistema de produ&ccedil;&atilde;o<\/p>\n<p style=\"margin-left:70.8pt;\">\nInstrutor Carlos Guerreiro<\/p>\n<p style=\"margin-left:35.4pt;\">\n10:00 &ndash; Apresenta&ccedil;&atilde;o software Refer&ecirc;ncia (APROSOJA)<\/p>\n<p>\n&nbsp;<\/p>\n<p>\n<strong><u>4&ordm; SEMANA<\/u><\/strong><\/p>\n<p>\n<br \/>\n<strong><u>Paranatinga<\/u><\/strong><\/p>\n<p>\n03 de outubro<\/p>\n<p style=\"margin-left:35.4pt;\">\n19:00 &#8211; Gest&atilde;o de &iacute;ndices, custos e resultados<\/p>\n<p style=\"margin-left:70.8pt;\">\nPalestrante Gustavo Adolfo Aguiar<\/p>\n<p style=\"margin-left:70.8pt;\">\n20:00 &#8211; A sucess&atilde;o nas empresas rurais familiares<\/p>\n<p style=\"margin-left:70.8pt;\">\nPalestrantes Sandro Al Alam Elias<\/p>\n<p>\n04 de outubro<\/p>\n<p style=\"margin-left:70.9pt;\">\n07:30 &#8211; Implanta&ccedil;&atilde;o de indicadores de desempenho no controle do sistema de produ&ccedil;&atilde;o<\/p>\n<p style=\"margin-left:70.8pt;\">\nInstrutor Carlos Guerreiro<\/p>\n<p style=\"margin-left:35.4pt;\">\n10:00 &ndash; Apresenta&ccedil;&atilde;o software Refer&ecirc;ncia (APROSOJA)<\/p>\n<p>\n<strong><u>Primavera do Leste<\/u><\/strong><\/p>\n<p>\n04 de outubro<\/p>\n<p style=\"margin-left:35.4pt;\">\n19:00 &#8211; Gest&atilde;o de &iacute;ndices, custos e resultados<\/p>\n<p style=\"margin-left:70.8pt;\">\nPalestrante Gustavo Adolfo Aguiar<\/p>\n<p style=\"margin-left:35.4pt;\">\n20:00 &#8211; A sucess&atilde;o nas empresas rurais familiares<\/p>\n<p style=\"margin-left:70.8pt;\">\nPalestrantes Sandro Al Alam Elias<\/p>\n<p>\n05 de outubro<\/p>\n<p style=\"margin-left:70.9pt;\">\n07:30 &#8211; Implanta&ccedil;&atilde;o de indicadores de desempenho no controle do sistema de produ&ccedil;&atilde;o<\/p>\n<p style=\"margin-left:70.8pt;\">\nInstrutor Carlos Guerreiro<\/p>\n<p style=\"margin-left:35.4pt;\">\n10:00 &ndash; Apresenta&ccedil;&atilde;o software Refer&ecirc;ncia (APROSOJA)<\/p>\n<p>\n<strong><u>Jaciara<\/u><\/strong><\/p>\n<p>\n05 de outubro<\/p>\n<p style=\"margin-left:35.4pt;\">\n19:00 &#8211; Gest&atilde;o de &iacute;ndices, custos e resultados<\/p>\n<p style=\"margin-left:70.8pt;\">\nPalestrante Gustavo Adolfo Aguiar<\/p>\n<p style=\"margin-left:35.4pt;\">\n20:00 &#8211; A sucess&atilde;o nas empresas rurais familiares<\/p>\n<p style=\"margin-left:70.8pt;\">\nPalestrantes Sandro Al Alam Elias<\/p>\n<p>\n06 de outubro<\/p>\n<p style=\"margin-left:70.9pt;\">\n07:30 &#8211; Implanta&ccedil;&atilde;o de indicadores de desempenho no controle do sistema de produ&ccedil;&atilde;o<\/p>\n<p style=\"margin-left:70.8pt;\">\nInstrutor Carlos Guerreiro<\/p>\n<p style=\"margin-left:35.4pt;\">\n10:00 &ndash; Apresenta&ccedil;&atilde;o software Refer&ecirc;ncia (APROSOJA)<\/p>\n<p>\n<strong><u>Alto Gar&ccedil;as<\/u><\/strong><\/p>\n<p>\n06 de outubro<\/p>\n<p style=\"margin-left:35.4pt;\">\n19:00 &#8211; Gest&atilde;o de &iacute;ndices, custos e resultados<\/p>\n<p style=\"margin-left:70.8pt;\">\nPalestrante Gustavo Adolfo Aguiar<\/p>\n<p style=\"margin-left:35.4pt;\">\n20:00 &#8211; A sucess&atilde;o nas empresas rurais familiares<\/p>\n<p style=\"margin-left:70.8pt;\">\nPalestrantes Sandro Al Alam Elias<\/p>\n<p>\n07 de outubro<\/p>\n<p style=\"margin-left:70.9pt;\">\n07:30 &#8211; Implanta&ccedil;&atilde;o de indicadores de desempenho no controle do sistema de produ&ccedil;&atilde;o<\/p>\n<p style=\"margin-left:70.8pt;\">\nInstrutor Carlos Guerreiro<\/p>\n<p style=\"margin-left:35.4pt;\">\n10:00 &ndash; Apresenta&ccedil;&atilde;o software Refer&ecirc;ncia (APROSOJA)<\/p>\n<p>\n&nbsp;<\/p>\n","protected":false},"excerpt":{"rendered":"<p>Foi dada a largada do Soja Brasil etapa Mato Grosso. Campos de J&uacute;lio foi a primeira cidade a receber o programa, nesta segunda-feira (12.09). O munic&iacute;pio, localizado na regi&atilde;o Oeste do Estado, concentra uma produ&ccedil;&atilde;o de cerca de 720 mil toneladas de soja, distribu&iacute;das em uma &aacute;rea de 220 mil hectares. &nbsp; Um dos temas [&hellip;]<\/p>\n","protected":false},"author":1,"featured_media":2735,"comment_status":"open","ping_status":"open","sticky":false,"template":"","format":"standard","meta":{"advgb_blocks_editor_width":"","advgb_blocks_columns_visual_guide":"","footnotes":""},"categories":[1],"tags":[],"class_list":["post-10001","post","type-post","status-publish","format-standard","has-post-thumbnail","hentry","category-geral"],"acf":[],"author_meta":{"display_name":"siteadmin","author_link":"https:\/\/sistemafamato.org.br\/senarmt\/author\/siteadmin\/"},"featured_img":"https:\/\/sistemafamato.org.br\/senarmt\/wp-content\/uploads\/sites\/2\/2016\/09\/13092016115547-300x200.jpg","coauthors":[],"tax_additional":{"categories":{"linked":["<a href=\"https:\/\/sistemafamato.org.br\/senarmt\/category\/geral\/\" class=\"advgb-post-tax-term\">Geral<\/a>"],"unlinked":["<span class=\"advgb-post-tax-term\">Geral<\/span>"]}},"comment_count":"0","relative_dates":{"created":"Publicado 10 anos atr\u00e1s","modified":"Atualizado 10 anos atr\u00e1s"},"absolute_dates":{"created":"Publicado em 13 de setembro de 2016","modified":"Atualizado em 13 de setembro de 2016"},"absolute_dates_time":{"created":"Publicado em 13 de setembro de 2016 11:55","modified":"Atualizado em 13 de setembro de 2016 11:55"},"featured_img_caption":"","series_order":"","_links":{"self":[{"href":"https:\/\/sistemafamato.org.br\/senarmt\/wp-json\/wp\/v2\/posts\/10001","targetHints":{"allow":["GET"]}}],"collection":[{"href":"https:\/\/sistemafamato.org.br\/senarmt\/wp-json\/wp\/v2\/posts"}],"about":[{"href":"https:\/\/sistemafamato.org.br\/senarmt\/wp-json\/wp\/v2\/types\/post"}],"author":[{"embeddable":true,"href":"https:\/\/sistemafamato.org.br\/senarmt\/wp-json\/wp\/v2\/users\/1"}],"replies":[{"embeddable":true,"href":"https:\/\/sistemafamato.org.br\/senarmt\/wp-json\/wp\/v2\/comments?post=10001"}],"version-history":[{"count":0,"href":"https:\/\/sistemafamato.org.br\/senarmt\/wp-json\/wp\/v2\/posts\/10001\/revisions"}],"wp:featuredmedia":[{"embeddable":true,"href":"https:\/\/sistemafamato.org.br\/senarmt\/wp-json\/wp\/v2\/media\/2735"}],"wp:attachment":[{"href":"https:\/\/sistemafamato.org.br\/senarmt\/wp-json\/wp\/v2\/media?parent=10001"}],"wp:term":[{"taxonomy":"category","embeddable":true,"href":"https:\/\/sistemafamato.org.br\/senarmt\/wp-json\/wp\/v2\/categories?post=10001"},{"taxonomy":"post_tag","embeddable":true,"href":"https:\/\/sistemafamato.org.br\/senarmt\/wp-json\/wp\/v2\/tags?post=10001"}],"curies":[{"name":"wp","href":"https:\/\/api.w.org\/{rel}","templated":true}]}}