{"id":10000,"date":"2016-09-13T10:48:43","date_gmt":"2016-09-13T13:48:43","guid":{"rendered":"https:\/\/sistemafamato.org.br\/senarmt\/2016\/09\/13\/centro-de-treinamento-e-difusao-tecnologica-sera-inaugurado-em-campo-novo\/"},"modified":"2016-09-13T10:48:43","modified_gmt":"2016-09-13T13:48:43","slug":"centro-de-treinamento-e-difusao-tecnologica-sera-inaugurado-em-campo-novo","status":"publish","type":"post","link":"https:\/\/sistemafamato.org.br\/senarmt\/2016\/09\/13\/centro-de-treinamento-e-difusao-tecnologica-sera-inaugurado-em-campo-novo\/","title":{"rendered":"Centro de Treinamento e Difus\u00e3o Tecnol\u00f3gica ser\u00e1 inaugurado em Campo Novo"},"content":{"rendered":"<p>\nRede e Tec, Qualifica&ccedil;&otilde;es, programas especiais, treinamentos, dias de campo, palestras, oficinas e diversas outras a&ccedil;&otilde;es educacionais ser&atilde;o oferecidas nos&nbsp; Centros de Treinamento e Difus&atilde;o Tecnol&oacute;gica (CTDT) que ser&aacute; inaugurado na pr&oacute;xima sexta-feira (16.09), em Campo Novo do Parecis. Na ocasi&atilde;o ser&aacute; firmada uma parceria entre o Servi&ccedil;o Nacional de Aprendizagem Rural de Mato Grosso (SENAR-MT) e a Associa&ccedil;&atilde;o Mato-grossense dos Produtores de Algod&atilde;o (Ampa).<\/p>\n<p>\n&nbsp;<\/p>\n<p>\nCom uma &aacute;rea de 30 hectares, a proposta de constru&ccedil;&atilde;o dessa unidade visa atender a uma demanda dos produtores associados &agrave; Ampa por m&atilde;o de obra qualificada. E, nesse sentido, foi firmada a parceria com o SENAR-MT, que, no caso de Campo Novo do Parecis e de Sorriso, ficar&aacute; respons&aacute;vel pela maioria dos cursos e treinamentos oferecidos. Contudo, o IMAmt continuar&aacute; oferecendo cursos e treinamentos espec&iacute;ficos para a cadeia do algod&atilde;o.<\/p>\n<p>\n&nbsp;<\/p>\n<p>\nO Rede e Tec &eacute; um dos cursos ofertados pelo SENAR-MT,&nbsp; tanto no Centro de Treinamento e Difus&atilde;o Tecnol&oacute;gica de Campo Novo do Parecis, quanto no de Sorriso. O curso T&eacute;cnico em Agroneg&oacute;cio tem dura&ccedil;&atilde;o de dois anos na modalidade a dist&acirc;ncia, com carga hor&aacute;ria de 1.230. Destas, 20% destinadas a encontros presenciais e 80% a dist&acirc;ncia. &Eacute; um curso com conte&uacute;do pr&aacute;tico, considerado ideal para jovens e adultos que vivem e trabalham no campo. As turmas s&atilde;o de 50 alunos.<\/p>\n<p>\n&nbsp;<\/p>\n<p>\nAl&eacute;m da Rede e Tec, o SENAR-MT tamb&eacute;m ofertar&aacute; treinamentos com carga hor&aacute;ria de 24 a 40 horas que ir&atilde;o preparar profissionais para atuarem em diversas &aacute;reas. Dentre elas, a de Manejo Integrado de Pragas (MIP), Manejo e Conserva&ccedil;&atilde;o do Solo, Sa&uacute;de e Seguran&ccedil;a no Trabalho e M&aacute;quinas e Implementos Agr&iacute;colas.<\/p>\n<p>\n&nbsp;<\/p>\n<p>\nJ&aacute; as qualifica&ccedil;&otilde;es ofertadas pela institui&ccedil;&atilde;o de ensino nos Centros de Treinamento tanto de Campo Novo, como no de Sorriso tem carga hor&aacute;ria que oscila entre 80 e 120 horas. Dentre os mais solicitados est&atilde;o os de Operador de M&aacute;quinas Agr&iacute;colas; Qualifica&ccedil;&atilde;o em Agricultura de Precis&atilde;o; Gest&atilde;o de Propriedades Rurais, Mec&acirc;nico de Tratores, Opera&ccedil;&atilde;o e Manuten&ccedil;&atilde;o de P&aacute; Carregadeira, Opera&ccedil;&atilde;o e Manuten&ccedil;&atilde;o de Empilhadeira.<\/p>\n<p>\n&nbsp;&nbsp;&nbsp;&nbsp;&nbsp;&nbsp;&nbsp;<\/p>\n<p>\nMas n&atilde;o &eacute; s&oacute; isso. H&aacute; tamb&eacute;m os Programas Especiais como o Sucess&atilde;o Familiar, que tem por objetivo geral mostrar aos participantes como se d&aacute; o processo sucess&oacute;rio para o crescimento, desenvolvimento, longevidade e sucesso nas empresas familiares do agroneg&oacute;cio.<\/p>\n<p>\n&nbsp;<\/p>\n<p>\nCampo Aprendiz &eacute; outro Programa Especial que tamb&eacute;m &eacute; ofertado nos Centro de Treinamentos. O objetivo &eacute; realizar t&eacute;cnicas corretas na opera&ccedil;&atilde;o, regulagem e manuten&ccedil;&atilde;o de tratores agr&iacute;colas. Al&eacute;m disso, o SENAR-MT tamb&eacute;m oferece palestras, oficinas e dias de campo. Os interessados devem procurar o Sindicato Rural de Campo Novo do Parecis para saber qual a programa&ccedil;&atilde;o de cursos que ser&atilde;o realizados no Centro de Treinamento nos pr&oacute;ximos meses e verificar se h&aacute; vagas.<\/p>\n<p>\n&nbsp;<\/p>\n<p>\nOs Centro de Treinamentos e Difus&atilde;o Tecnol&oacute;gica tamb&eacute;m ser&atilde;o utilizados para o desenvolvimento e difus&atilde;o de novas tecnologias para o atual sistema produtivo adotado no cerrado. O objetivo &eacute; realizar trabalhos de pesquisa voltados para as necessidades dos produtores de cada n&uacute;cleo regional. Al&eacute;m do SENAR-MT, o IMAmt tamb&eacute;m firmou parcerias com institui&ccedil;&otilde;es como a Embrapa, a Universidade Federal de Mato Grosso (UFMT) e o Instituto Federal de Educa&ccedil;&atilde;o, Ci&ecirc;ncia e Tecnologia de Mato Grosso (IFMT).<\/p>\n<p>\n&nbsp;<\/p>\n<p>\nO Senar-MT faz parte de um conjunto de entidades que formam o Sistema Famato, assim como a Federa&ccedil;&atilde;o, o Imea e os 90 sindicatos rurais do Estado. Essas entidades d&atilde;o suporte para o desenvolvimento sustent&aacute;vel do agroneg&oacute;cio. O Senar est&aacute; no Facebook e no Instagram. Curta a Fan Page&nbsp;<a href=\"http:\/\/www.facebook.com\/SenarMt\">www.facebook.com\/SenarMt<\/a>&nbsp;e a conta&nbsp;<a href=\"https:\/\/instagram.com\/senar_mt\/\">@senar_mt<\/a>.<\/p>\n<p>\n&nbsp;<\/p>\n<p>\n<strong>Servi&ccedil;o <\/strong><\/p>\n<p>\n<strong>O que: <\/strong>Inaugura&ccedil;&atilde;o do Centro de Treinamento e Difus&atilde;o Tecnol&oacute;gica do N&uacute;cleo Regional M&eacute;dio Norte<\/p>\n<p>\n<strong>Quando: <\/strong>16 de setembro (sexta-feira), &agrave;s 14h<\/p>\n<p>\n<strong>Onde:<\/strong> Centro de Treinamento e Difus&atilde;o Tecnol&oacute;gica do N&uacute;cleo Regional M&eacute;dio Norte Ampa\/IMAmt &ndash; Rodovia MT-170, sentido Campo Novo do Parecis\/Brasnorte, Km 82, &agrave; margem direita.<\/p>\n<p>\n&nbsp;<\/p>\n<p>\n&nbsp;<\/p>\n","protected":false},"excerpt":{"rendered":"<p>Rede e Tec, Qualifica&ccedil;&otilde;es, programas especiais, treinamentos, dias de campo, palestras, oficinas e diversas outras a&ccedil;&otilde;es educacionais ser&atilde;o oferecidas nos&nbsp; Centros de Treinamento e Difus&atilde;o Tecnol&oacute;gica (CTDT) que ser&aacute; inaugurado na pr&oacute;xima sexta-feira (16.09), em Campo Novo do Parecis. Na ocasi&atilde;o ser&aacute; firmada uma parceria entre o Servi&ccedil;o Nacional de Aprendizagem Rural de Mato Grosso [&hellip;]<\/p>\n","protected":false},"author":1,"featured_media":2733,"comment_status":"open","ping_status":"open","sticky":false,"template":"","format":"standard","meta":{"advgb_blocks_editor_width":"","advgb_blocks_columns_visual_guide":"","footnotes":""},"categories":[1],"tags":[],"class_list":["post-10000","post","type-post","status-publish","format-standard","has-post-thumbnail","hentry","category-geral"],"acf":[],"author_meta":{"display_name":"siteadmin","author_link":"https:\/\/sistemafamato.org.br\/senarmt\/author\/siteadmin\/"},"featured_img":"https:\/\/sistemafamato.org.br\/senarmt\/wp-content\/uploads\/sites\/2\/2016\/09\/13092016104832-300x225.jpg","coauthors":[],"tax_additional":{"categories":{"linked":["<a href=\"https:\/\/sistemafamato.org.br\/senarmt\/category\/geral\/\" class=\"advgb-post-tax-term\">Geral<\/a>"],"unlinked":["<span class=\"advgb-post-tax-term\">Geral<\/span>"]}},"comment_count":"0","relative_dates":{"created":"Publicado 10 anos atr\u00e1s","modified":"Atualizado 10 anos atr\u00e1s"},"absolute_dates":{"created":"Publicado em 13 de setembro de 2016","modified":"Atualizado em 13 de setembro de 2016"},"absolute_dates_time":{"created":"Publicado em 13 de setembro de 2016 10:48","modified":"Atualizado em 13 de setembro de 2016 10:48"},"featured_img_caption":"","series_order":"","_links":{"self":[{"href":"https:\/\/sistemafamato.org.br\/senarmt\/wp-json\/wp\/v2\/posts\/10000","targetHints":{"allow":["GET"]}}],"collection":[{"href":"https:\/\/sistemafamato.org.br\/senarmt\/wp-json\/wp\/v2\/posts"}],"about":[{"href":"https:\/\/sistemafamato.org.br\/senarmt\/wp-json\/wp\/v2\/types\/post"}],"author":[{"embeddable":true,"href":"https:\/\/sistemafamato.org.br\/senarmt\/wp-json\/wp\/v2\/users\/1"}],"replies":[{"embeddable":true,"href":"https:\/\/sistemafamato.org.br\/senarmt\/wp-json\/wp\/v2\/comments?post=10000"}],"version-history":[{"count":0,"href":"https:\/\/sistemafamato.org.br\/senarmt\/wp-json\/wp\/v2\/posts\/10000\/revisions"}],"wp:featuredmedia":[{"embeddable":true,"href":"https:\/\/sistemafamato.org.br\/senarmt\/wp-json\/wp\/v2\/media\/2733"}],"wp:attachment":[{"href":"https:\/\/sistemafamato.org.br\/senarmt\/wp-json\/wp\/v2\/media?parent=10000"}],"wp:term":[{"taxonomy":"category","embeddable":true,"href":"https:\/\/sistemafamato.org.br\/senarmt\/wp-json\/wp\/v2\/categories?post=10000"},{"taxonomy":"post_tag","embeddable":true,"href":"https:\/\/sistemafamato.org.br\/senarmt\/wp-json\/wp\/v2\/tags?post=10000"}],"curies":[{"name":"wp","href":"https:\/\/api.w.org\/{rel}","templated":true}]}}